{"id":112,"date":"2007-10-05T10:59:43","date_gmt":"2007-10-05T09:59:43","guid":{"rendered":"http:\/\/www.ceramostratigraphie.ch\/blog\/?p=112"},"modified":"2007-10-05T10:59:43","modified_gmt":"2007-10-05T09:59:43","slug":"2007-annee-des-celtes","status":"publish","type":"post","link":"http:\/\/archeofacts.ch\/blog\/?p=112","title":{"rendered":"L\u2019Europe contre le cr\u00e9ationnisme"},"content":{"rendered":"<p>Le cr\u00e9ationnisme n\u2019est pas une science, et de ce fait doit \u00eatre exclu de l\u2019enseignement public. Tel est en substance <a target=\"_blank\" href=\"http:\/\/assembly.coe.int\/Main.asp?link=\/Documents\/AdoptedText\/ta07\/FRES1580.htm\">la r\u00e9solution<\/a> adopt\u00e9e le 4 octobre 2007 \u00e0 Strasbourg par <a target=\"_blank\" href=\"http:\/\/assembly.coe.int\/DefaultF.asp\">l\u2019assembl\u00e9e parlementaire du Conseil de l\u2019Europe<\/a> et qu\u2019elle entend faire adopter par ses 47 \u00e9tats membres. Le vote montre cependant que les parlementaires europ\u00e9ens sont loin d\u2019\u00eatre unanimes pour percevoir \u00ab les dangers du cr\u00e9ationnisme dans l\u2019\u00e9ducation \u00bb et soutenir cette r\u00e9solution dans le but de la faire appliquer. Car sur 76 votants, on compte 48 voix pour, 25 contre et 3 abstentions. Les trois parlementaires suisses pr\u00e9sents, \u00e0 savoir John Dupraz, Andreas Gross et Walter Schmied se trouvent unanimement du c\u00f4t\u00e9 des partisans, de m\u00eame que les cinq fran\u00e7ais, mais un belge sur trois est contre, de m\u00eame que trois polonais sur quatre.<\/p>\n<p><img decoding=\"async\" src=\"http:\/\/www.ceramostratigraphie.ch\/imgblog\/Create4.jpg\" alt=\"Cr\u00e9ation\" title=\"Cr\u00e9ation\" \/><\/p>\n<p><em>\u201cFaisons l\u2019homme \u00e0 notre image\u201d<\/em><\/p>\n<p>Voici en tout \u00e9tat de cause une r\u00e9solution que la communaut\u00e9 scientifique et le corps enseignant ne peuvent qu\u2019approuver. Elle anticipe l\u2019arriv\u00e9e sur le continent europ\u00e9en des th\u00e8ses de mouvements religieux fondamentalistes chr\u00e9tiens ou musulmans qui cherchent \u00e0 mettre sur le m\u00eame plan de la connaissance l\u2019\u00e9volutionnisme et le cr\u00e9ationnisme. Au Etats-Unis ils ont d\u00e9j\u00e0 r\u00e9ussi \u00e0 imposer une telle \u00e9quivalence dans le programme scolaire de plusieurs Etats de l\u2019Union. C\u2019est sous le couvert du concept de l\u2019<a target=\"_blank\" href=\"http:\/\/en.wikipedia.org\/wiki\/Intelligent_design\">intelligent design<\/a> (ID) ou \u00ab <a target=\"_blank\" href=\"http:\/\/fr.wikipedia.org\/wiki\/Dessein_intelligent\">dessein intelligent<\/a> \u00bb que les partisans les plus subtils du cr\u00e9ationnisme avancent dans leur \u0153uvre de destruction de nos connaissances scientifiques. Mais ils peuvent bien essayer ! Ils ne me feront jamais croire qu\u2019une entit\u00e9 sup\u00e9rieure a cr\u00e9\u00e9 en six jours l\u2019univers, la terre et l\u2019homme en 4026 avant J.-C.<\/p>\n<div id=\"fb_share_1\" style=\"float: right; margin-left: 10px;\"><a name=\"fb_share\" type=\"icon_link\" share_url=\"http:\/\/archeofacts.ch\/blog\/?p=112\" href=\"http:\/\/www.facebook.com\/sharer.php\">Share<\/a><\/div><div><script src=\"http:\/\/static.ak.fbcdn.net\/connect.php\/js\/FB.Share\" type=\"text\/javascript\"><\/script><\/div>","protected":false},"excerpt":{"rendered":"<p>Le cr\u00e9ationnisme n\u2019est pas une science, et de ce fait doit \u00eatre exclu de l\u2019enseignement public. Tel est en substance la r\u00e9solution adopt\u00e9e le 4 octobre 2007 \u00e0 Strasbourg par l\u2019assembl\u00e9e parlementaire du Conseil de l\u2019Europe et qu\u2019elle entend faire &hellip; <a href=\"http:\/\/archeofacts.ch\/blog\/?p=112\">Continue reading <span class=\"meta-nav\">&rarr;<\/span><\/a><\/p>\n","protected":false},"author":1,"featured_media":0,"comment_status":"open","ping_status":"open","sticky":false,"template":"","format":"standard","meta":[],"categories":[22,16],"tags":[],"_links":{"self":[{"href":"http:\/\/archeofacts.ch\/blog\/index.php?rest_route=\/wp\/v2\/posts\/112"}],"collection":[{"href":"http:\/\/archeofacts.ch\/blog\/index.php?rest_route=\/wp\/v2\/posts"}],"about":[{"href":"http:\/\/archeofacts.ch\/blog\/index.php?rest_route=\/wp\/v2\/types\/post"}],"author":[{"embeddable":true,"href":"http:\/\/archeofacts.ch\/blog\/index.php?rest_route=\/wp\/v2\/users\/1"}],"replies":[{"embeddable":true,"href":"http:\/\/archeofacts.ch\/blog\/index.php?rest_route=%2Fwp%2Fv2%2Fcomments&post=112"}],"version-history":[{"count":0,"href":"http:\/\/archeofacts.ch\/blog\/index.php?rest_route=\/wp\/v2\/posts\/112\/revisions"}],"wp:attachment":[{"href":"http:\/\/archeofacts.ch\/blog\/index.php?rest_route=%2Fwp%2Fv2%2Fmedia&parent=112"}],"wp:term":[{"taxonomy":"category","embeddable":true,"href":"http:\/\/archeofacts.ch\/blog\/index.php?rest_route=%2Fwp%2Fv2%2Fcategories&post=112"},{"taxonomy":"post_tag","embeddable":true,"href":"http:\/\/archeofacts.ch\/blog\/index.php?rest_route=%2Fwp%2Fv2%2Ftags&post=112"}],"curies":[{"name":"wp","href":"https:\/\/api.w.org\/{rel}","templated":true}]}}