{"id":113,"date":"2007-10-06T11:01:11","date_gmt":"2007-10-06T10:01:11","guid":{"rendered":"http:\/\/www.ceramostratigraphie.ch\/blog\/?p=113"},"modified":"2013-12-20T08:36:04","modified_gmt":"2013-12-20T08:36:04","slug":"des-celtes-sur-le-vully","status":"publish","type":"post","link":"http:\/\/archeofacts.ch\/blog\/?p=113","title":{"rendered":"La Rome des C\u00e9sars \u00e0 Vallon"},"content":{"rendered":"<p>Le <a href=\"http:\/\/www.museevallon.ch\/sgcms\/cms\/page.php\" target=\"_blank\">Mus\u00e9e romain de Vallon<\/a>, pr\u00e8s d\u2019Avenches, pr\u00e9sente aujourd\u2019hui et jusqu\u2019au 13 avril 2008 la nouvelle exposition temporaire \u00ab La Rome des C\u00e9sars \u00bb en collaboration avec le <a href=\"http:\/\/www.fr.ch\/saef\/fr\/pub\/index.cfm\" target=\"_blank\">Service arch\u00e9ologique de l\u2019Etat de Fribourg<\/a>. Il s\u2019agit en fait d\u2019une premi\u00e8re escale en Suisse de celle cr\u00e9\u00e9e il y a deux ans au <a href=\"http:\/\/www.arles-antique.cg13.fr\/root\/\" target=\"_blank\">Mus\u00e9e de l\u2019Arles et de la Provence antique<\/a>, intitul\u00e9e \u00ab <a href=\"http:\/\/www.arles-antique.cg13.fr\/popup_expos\/rome_arles\/root\/index.htm\" target=\"_blank\">De Rome \u00e0 Arles<\/a> \u00bb. Au c\u0153ur de l\u2019exposition sont r\u00e9unis une vingtaine de dessins originaux du dessinateur Gilles Chaillet, connu, entre autres, pour ses illustrations de deux tomes des voyages d\u2019Alix (ou d\u2019Orion) et surtout du volume \u00ab Dans la Rome des C\u00e9sars \u00bb remarquable reconstitution visuelle de la ville \u00e9ternelle en l\u2019an 314 de notre \u00e8re, du temps de l\u2019empereur Constantin.<\/p>\n<p><img decoding=\"async\" title=\"Colis\u00e9e selon Gilles Chaillet\" alt=\"Colis\u00e9e selon Gilles Chaillet\" src=\"http:\/\/www.ceramostratigraphie.ch\/imgblog\/Vallon4.jpg\" \/><\/p>\n<p><em>Les alentours du Colis\u00e9e (dessin: Gilles Chaillet)<\/em><\/p>\n<p>Pour tous ceux qui aiment visiter Rome comme moi, avec le plan de la <em><a href=\"http:\/\/fr.wikipedia.org\/wiki\/Forma_Urbis\" target=\"_blank\">Forma Urbis Romae<\/a><\/em> dans une main et le guide arch\u00e9ologique de Filippo Coarelli dans l\u2019autre, les dessins de Gilles Chaillet apportent, si besoin, un compl\u00e9ment visuel abouti, tant artistiquement que scientifiquement, et permettent de confronter plus facilement le pass\u00e9 au pr\u00e9sent, comme autrefois les restitutions r\u00e9alis\u00e9es \u00e0 partir de photographies par l\u2019arch\u00e9ologue italiens Giuseppe Gatteschi. En attendant, si tous les chemins m\u00e8nent \u00e0 Rome, il y en a aussi qui conduisent \u00e0 Vallon. En parall\u00e8le de cette pr\u00e9sentation, l\u2019exposition offre un regard sur l\u2019Helv\u00e9tie \u00e0 partir de maquettes et d\u2019aquarelles repr\u00e9sentant quelques sites et monuments romains d\u00e9couverts en Suisse.<\/p>\n<div id=\"fb_share_1\" style=\"float: right; margin-left: 10px;\"><a name=\"fb_share\" type=\"icon_link\" share_url=\"http:\/\/archeofacts.ch\/blog\/?p=113\" href=\"http:\/\/www.facebook.com\/sharer.php\">Share<\/a><\/div><div><script src=\"http:\/\/static.ak.fbcdn.net\/connect.php\/js\/FB.Share\" type=\"text\/javascript\"><\/script><\/div>","protected":false},"excerpt":{"rendered":"<p>Le Mus\u00e9e romain de Vallon, pr\u00e8s d\u2019Avenches, pr\u00e9sente aujourd\u2019hui et jusqu\u2019au 13 avril 2008 la nouvelle exposition temporaire \u00ab La Rome des C\u00e9sars \u00bb en collaboration avec le Service arch\u00e9ologique de l\u2019Etat de Fribourg. Il s\u2019agit en fait d\u2019une premi\u00e8re &hellip; <a href=\"http:\/\/archeofacts.ch\/blog\/?p=113\">Continue reading <span class=\"meta-nav\">&rarr;<\/span><\/a><\/p>\n","protected":false},"author":1,"featured_media":0,"comment_status":"open","ping_status":"open","sticky":false,"template":"","format":"standard","meta":[],"categories":[14],"tags":[],"_links":{"self":[{"href":"http:\/\/archeofacts.ch\/blog\/index.php?rest_route=\/wp\/v2\/posts\/113"}],"collection":[{"href":"http:\/\/archeofacts.ch\/blog\/index.php?rest_route=\/wp\/v2\/posts"}],"about":[{"href":"http:\/\/archeofacts.ch\/blog\/index.php?rest_route=\/wp\/v2\/types\/post"}],"author":[{"embeddable":true,"href":"http:\/\/archeofacts.ch\/blog\/index.php?rest_route=\/wp\/v2\/users\/1"}],"replies":[{"embeddable":true,"href":"http:\/\/archeofacts.ch\/blog\/index.php?rest_route=%2Fwp%2Fv2%2Fcomments&post=113"}],"version-history":[{"count":6,"href":"http:\/\/archeofacts.ch\/blog\/index.php?rest_route=\/wp\/v2\/posts\/113\/revisions"}],"predecessor-version":[{"id":1212,"href":"http:\/\/archeofacts.ch\/blog\/index.php?rest_route=\/wp\/v2\/posts\/113\/revisions\/1212"}],"wp:attachment":[{"href":"http:\/\/archeofacts.ch\/blog\/index.php?rest_route=%2Fwp%2Fv2%2Fmedia&parent=113"}],"wp:term":[{"taxonomy":"category","embeddable":true,"href":"http:\/\/archeofacts.ch\/blog\/index.php?rest_route=%2Fwp%2Fv2%2Fcategories&post=113"},{"taxonomy":"post_tag","embeddable":true,"href":"http:\/\/archeofacts.ch\/blog\/index.php?rest_route=%2Fwp%2Fv2%2Ftags&post=113"}],"curies":[{"name":"wp","href":"https:\/\/api.w.org\/{rel}","templated":true}]}}