{"id":114,"date":"2007-10-20T11:05:02","date_gmt":"2007-10-20T10:05:02","guid":{"rendered":"http:\/\/www.ceramostratigraphie.ch\/blog\/?p=114"},"modified":"2007-10-20T11:05:02","modified_gmt":"2007-10-20T10:05:02","slug":"la-pierre-a-mazel-a-demenage","status":"publish","type":"post","link":"http:\/\/archeofacts.ch\/blog\/?p=114","title":{"rendered":"Le blues de Mytil\u00e8ne"},"content":{"rendered":"<p>L\u2019\u00eele de Lesbos fut la destination de mes derni\u00e8res vacances familiales. Ce fut \u00e9galement le lieu de naissance de la po\u00e9tesse Sapho et la derni\u00e8re r\u00e9sidence connue de la t\u00eate d\u2019Orph\u00e9e. Malgr\u00e9 son riche pass\u00e9, sur le terrain, peu de chose \u00e0 voir facilement, si ce n\u2019est le temple d\u00e9di\u00e9 \u00e0 la triade Hera, Zeus et Dionysos \u00e0 Messa, dont la restauration a b\u00e9n\u00e9fici\u00e9 de subventions de la communaut\u00e9 europ\u00e9enne, mais pourvu d\u2019une route d\u2019acc\u00e8s qui n\u2019est qu\u2019un \u00e9troit chemin pierreux et poussi\u00e9reux. Toutefois, la ville de Mytil\u00e8ne dispose d\u2019un mus\u00e9e d\u2019arch\u00e9ologie form\u00e9 de deux b\u00e2timents (un ancien et un nouveau) qui abrite les plus belles d\u00e9couvertes effectu\u00e9es sur l\u2019\u00eele. Parmi elles, quelques belles mosa\u00efques, dont l\u2019une pr\u00e9sente des sc\u00e8nes de th\u00e9\u00e2tre antique ainsi que de nombreuses sculptures bien mises en valeur dans le nouveau b\u00e2timent qui a re\u00e7u, par ailleurs, la distinction 2004 des mus\u00e9es de Gr\u00e8ce.<\/p>\n<p><img decoding=\"async\" src=\"http:\/\/www.ceramostratigraphie.ch\/imgblog\/lesbosmuseum.jpg\" alt=\"Mus\u00e9e arch\u00e9ologique de Mityl\u00e8ne\" title=\"Mus\u00e9e arch\u00e9ologique de Mityl\u00e8ne\" \/><\/p>\n<p><em>Interdiction de photographier dans ce mus\u00e9e <\/em><\/p>\n<p>Cependant, pas moyen de rapporter un t\u00e9moignage personnel des pi\u00e8ces int\u00e9ressantes ou de la mise en sc\u00e8ne mus\u00e9ographique car interdit de prendre la moindre photographie m\u00eame sans flash sous pr\u00e9texte que les pi\u00e8ces expos\u00e9es ne sont pas encore publi\u00e9es. Bien s\u00fbr, en tant qu\u2019arch\u00e9ologue il suffirait, je l\u2019esp\u00e8re, de s\u2019approcher du conservateur ou mieux encore de son autorit\u00e9 de tutelle, de faire valoir ses titres et d\u2019obtenir ainsi l\u2019autorisation de photographier sous conditions. Mais je me mets dans la peau du visiteur lambda, et je ne trouve pas normal qu\u2019il ne puisse pas emporter un souvenir photographique d\u2019un patrimoine qui est la propri\u00e9t\u00e9 de la collectivit\u00e9 tout enti\u00e8re et pas uniquement celle de la caste des conservateurs. L\u2019interdiction de photographier, lorsqu\u2019aucun probl\u00e8me de conservation ne la justifie, n\u2019est pas \u00e0 l\u2019honneur des administrations des mus\u00e9es qui la maintiennent. Elle ne fait que cr\u00e9er une distance peu propice \u00e0 l\u2019attachement du public pour l\u2019institution mus\u00e9ale qui en abuse. Et sans image, pas de m\u00e9moire, et le mus\u00e9e dispara\u00eetra dans l\u2019oubli de ses visiteurs d\u2019un jour. En conclusion, comme pourrait le signaler <a href=\"http:\/\/www.be-virtual.ch\/blog\/\" target=\"_blank\">le blog d\u2019une sp\u00e9cialiste du web<\/a>, on est, \u00e0 Mytil\u00e8ne, encore loin du mus\u00e9e virtuel. Le blues du visiteur remplace le bleu de Mytil\u00e8ne.<\/p>\n<div id=\"fb_share_1\" style=\"float: right; margin-left: 10px;\"><a name=\"fb_share\" type=\"icon_link\" share_url=\"http:\/\/archeofacts.ch\/blog\/?p=114\" href=\"http:\/\/www.facebook.com\/sharer.php\">Share<\/a><\/div><div><script src=\"http:\/\/static.ak.fbcdn.net\/connect.php\/js\/FB.Share\" type=\"text\/javascript\"><\/script><\/div>","protected":false},"excerpt":{"rendered":"<p>L\u2019\u00eele de Lesbos fut la destination de mes derni\u00e8res vacances familiales. Ce fut \u00e9galement le lieu de naissance de la po\u00e9tesse Sapho et la derni\u00e8re r\u00e9sidence connue de la t\u00eate d\u2019Orph\u00e9e. Malgr\u00e9 son riche pass\u00e9, sur le terrain, peu de &hellip; <a href=\"http:\/\/archeofacts.ch\/blog\/?p=114\">Continue reading <span class=\"meta-nav\">&rarr;<\/span><\/a><\/p>\n","protected":false},"author":1,"featured_media":0,"comment_status":"open","ping_status":"open","sticky":false,"template":"","format":"standard","meta":[],"categories":[7,14],"tags":[],"_links":{"self":[{"href":"http:\/\/archeofacts.ch\/blog\/index.php?rest_route=\/wp\/v2\/posts\/114"}],"collection":[{"href":"http:\/\/archeofacts.ch\/blog\/index.php?rest_route=\/wp\/v2\/posts"}],"about":[{"href":"http:\/\/archeofacts.ch\/blog\/index.php?rest_route=\/wp\/v2\/types\/post"}],"author":[{"embeddable":true,"href":"http:\/\/archeofacts.ch\/blog\/index.php?rest_route=\/wp\/v2\/users\/1"}],"replies":[{"embeddable":true,"href":"http:\/\/archeofacts.ch\/blog\/index.php?rest_route=%2Fwp%2Fv2%2Fcomments&post=114"}],"version-history":[{"count":0,"href":"http:\/\/archeofacts.ch\/blog\/index.php?rest_route=\/wp\/v2\/posts\/114\/revisions"}],"wp:attachment":[{"href":"http:\/\/archeofacts.ch\/blog\/index.php?rest_route=%2Fwp%2Fv2%2Fmedia&parent=114"}],"wp:term":[{"taxonomy":"category","embeddable":true,"href":"http:\/\/archeofacts.ch\/blog\/index.php?rest_route=%2Fwp%2Fv2%2Fcategories&post=114"},{"taxonomy":"post_tag","embeddable":true,"href":"http:\/\/archeofacts.ch\/blog\/index.php?rest_route=%2Fwp%2Fv2%2Ftags&post=114"}],"curies":[{"name":"wp","href":"https:\/\/api.w.org\/{rel}","templated":true}]}}