{"id":1190,"date":"2013-10-13T17:36:30","date_gmt":"2013-10-13T17:36:30","guid":{"rendered":"http:\/\/archeofacts.ch\/blog\/?p=1190"},"modified":"2013-10-13T19:56:00","modified_gmt":"2013-10-13T19:56:00","slug":"regard-sur-le-passe-et-lavenir-du-castrum-deburodunum","status":"publish","type":"post","link":"http:\/\/archeofacts.ch\/blog\/?p=1190","title":{"rendered":"Regard sur le pass\u00e9 et l&#8217;avenir du Castrum d&#8217;Eburodunum"},"content":{"rendered":"<p>Vendredi\u00a0 11 octobre,\u00a0 la <a href=\"http:\/\/castrum-yverdon.ch\/\" target=\"_blank\">Soci\u00e9t\u00e9 de sauvegarde et de mise en valeur du Castrum d\u2019Yverdon<\/a> (ci-apr\u00e8s Soci\u00e9t\u00e9 du Castrum), a rendu un dernier hommage \u00e0 son p\u00e8re fondateur et pr\u00e9sident d&#8217;honneur, <a href=\"http:\/\/fr.wikipedia.org\/wiki\/Rodolphe_Kasser\" target=\"_blank\">Rodolphe Kasser<\/a>, d\u00e9c\u00e9d\u00e9 mardi 8 octobre, \u00e0 l\u2019\u00e2ge de 86 ans. Il a \u00e9t\u00e9 titulaire de la chaire de copte de l\u2019Universit\u00e9 de Gen\u00e8ve de 1976 \u00e0 1998 et pr\u00e9sident de l\u2019Association Internationale d\u2019\u00c9tudes Coptes de 1984 \u00e01988. En 1964 il a mis sur pied pour l\u2019Universit\u00e9 de Gen\u00e8ve, un chantier de fouilles arch\u00e9ologiques \u00e0 la recherche des vestiges de monast\u00e8res des premiers ermites chr\u00e9tiens dans les d\u00e9serts au nord-ouest de l\u2019\u00c9gypte. C\u2019est ainsi qu\u2019il a dirig\u00e9 sur le terrain, jusqu\u2019\u00e0 leur ach\u00e8vement en 1990, les activit\u00e9s de ce chantier de fouilles au site copte des Kellia, amenant \u00e0 la red\u00e9couverte de plus de 1500 cellules monacales pal\u00e9o-chr\u00e9tiennes \u00e9tal\u00e9es sur 8 km2. C\u2019est en particulier cette activit\u00e9 qu\u2019a rappel\u00e9 l\u2019ancien directeur du Lat\u00e9nium Michel Egloff, lors de la c\u00e9r\u00e9monie fun\u00e9raire \u00e0 Yverdon-les-Bains. Mais c\u2019est aussi dans le sol de sa ville natale que Rodolphe Kasser a conduit des fouilles avec l\u2019aide d\u2019une centaine de b\u00e9n\u00e9voles du Groupe d\u2019arch\u00e9ologie yverdonnoise (GrArYv) amenant \u00e0 la d\u00e9couverte, entre autres, d\u2019une statue celtique et d\u2019une barque romaine parmi les mieux conserv\u00e9es en Suisse, \u00e0 voir au <a href=\"http:\/\/www.musee-yverdon-region.ch\/\" target=\"_blank\">Mus\u00e9e du d\u2019Yverdon et r\u00e9gion<\/a>.<\/p>\n<p><a href=\"http:\/\/archeofacts.ch\/blog\/?attachment_id=1191\" rel=\"attachment wp-att-1191\"><img decoding=\"async\" loading=\"lazy\" class=\"size-medium wp-image-1191 alignnone\" alt=\"Statue celtique et Castrum romain\" src=\"http:\/\/archeofacts.ch\/blog\/wp-content\/uploads\/2013\/10\/CastrumStatue-300x205.jpg\" width=\"300\" height=\"205\" srcset=\"http:\/\/archeofacts.ch\/blog\/wp-content\/uploads\/2013\/10\/CastrumStatue-300x205.jpg 300w, http:\/\/archeofacts.ch\/blog\/wp-content\/uploads\/2013\/10\/CastrumStatue.jpg 790w\" sizes=\"(max-width: 300px) 100vw, 300px\" \/><\/a><br \/>\nStatue, castrum et barques t\u00e9moignent de Rodolphe Kasser (1927-2013)<\/p>\n<p>La Soci\u00e9t\u00e9 du Castrum est une association, fond\u00e9e le 19 avril 1978, par un groupe de citoyens d\u2019Yverdon pr\u00e9c\u00e9demment sensibilis\u00e9 par l\u2019activit\u00e9 sur le terrain du GrArYv, qui y avait effectu\u00e9 d\u00e8s 1974 des recherches dans le cimeti\u00e8re compl\u00e9tant les fouilles men\u00e9es en 1906 par l\u2018arch\u00e9ologue cantonal Albert Naef. Forteresse et base navale-fluviale romaines construites d\u00e8s 325 apr\u00e8s J.-C. sur l\u2019oppidum d&#8217;<a href=\" http:\/\/fr.wikipedia.org\/wiki\/Eburodunum\" target=\"_blank\">Eburodunum<\/a>, comme en t\u00e9moigne un pieu de fondation dat\u00e9 par la dendrochronologie, le Castrum est un grand quadrilat\u00e8re irr\u00e9gulier, entour\u00e9 de murs de 2,50 m de largeur en moyenne \u00e0 leur base et pourvu de quinze tours, qui renforcent son enceinte. Par sa taille, ce castrum est le troisi\u00e8me\u00a0 en grandeur sur le territoire de la Suisse actuelle, apr\u00e8s ceux de Gen\u00e8ve et de Kaiseraugst. La Soci\u00e9t\u00e9 du Castrum s\u2019\u00e9tait donn\u00e9 pour but initial de reconstruire en pierre l\u2019une des tours de 15 m\u00e8tres de hauteur qui entourait la forteresse. Mais ce projet, compte tenu des contingences urbanistiques peu favorables \u00e0 recr\u00e9er en pleine ville des structures de cette nature, n\u2019a plus aucune chance de se r\u00e9aliser un jour. Aussi, c\u2019est un nouveau projet que la Soci\u00e9t\u00e9 du castrum est en train de mettre en \u0153uvre, celle de la reconstruction virtuelle en 3D de l\u2019ensemble du Castrum et son insertion dans l\u2019espace r\u00e9el en r\u00e9alit\u00e9 augment\u00e9e. Cette r\u00e9alisation sera un t\u00e9moignage de la g\u00e9n\u00e9reuse activit\u00e9 de Rudi pour mettre en valeur le pass\u00e9 de sa cit\u00e9.<\/p>\n<div id=\"fb_share_1\" style=\"float: right; margin-left: 10px;\"><a name=\"fb_share\" type=\"icon_link\" share_url=\"http:\/\/archeofacts.ch\/blog\/?p=1190\" href=\"http:\/\/www.facebook.com\/sharer.php\">Share<\/a><\/div><div><script src=\"http:\/\/static.ak.fbcdn.net\/connect.php\/js\/FB.Share\" type=\"text\/javascript\"><\/script><\/div>","protected":false},"excerpt":{"rendered":"<p>Vendredi\u00a0 11 octobre,\u00a0 la Soci\u00e9t\u00e9 de sauvegarde et de mise en valeur du Castrum d\u2019Yverdon (ci-apr\u00e8s Soci\u00e9t\u00e9 du Castrum), a rendu un dernier hommage \u00e0 son p\u00e8re fondateur et pr\u00e9sident d&#8217;honneur, Rodolphe Kasser, d\u00e9c\u00e9d\u00e9 mardi 8 octobre, \u00e0 l\u2019\u00e2ge de &hellip; <a href=\"http:\/\/archeofacts.ch\/blog\/?p=1190\">Continue reading <span class=\"meta-nav\">&rarr;<\/span><\/a><\/p>\n","protected":false},"author":1,"featured_media":0,"comment_status":"open","ping_status":"open","sticky":false,"template":"","format":"standard","meta":[],"categories":[3,12],"tags":[],"_links":{"self":[{"href":"http:\/\/archeofacts.ch\/blog\/index.php?rest_route=\/wp\/v2\/posts\/1190"}],"collection":[{"href":"http:\/\/archeofacts.ch\/blog\/index.php?rest_route=\/wp\/v2\/posts"}],"about":[{"href":"http:\/\/archeofacts.ch\/blog\/index.php?rest_route=\/wp\/v2\/types\/post"}],"author":[{"embeddable":true,"href":"http:\/\/archeofacts.ch\/blog\/index.php?rest_route=\/wp\/v2\/users\/1"}],"replies":[{"embeddable":true,"href":"http:\/\/archeofacts.ch\/blog\/index.php?rest_route=%2Fwp%2Fv2%2Fcomments&post=1190"}],"version-history":[{"count":4,"href":"http:\/\/archeofacts.ch\/blog\/index.php?rest_route=\/wp\/v2\/posts\/1190\/revisions"}],"predecessor-version":[{"id":1195,"href":"http:\/\/archeofacts.ch\/blog\/index.php?rest_route=\/wp\/v2\/posts\/1190\/revisions\/1195"}],"wp:attachment":[{"href":"http:\/\/archeofacts.ch\/blog\/index.php?rest_route=%2Fwp%2Fv2%2Fmedia&parent=1190"}],"wp:term":[{"taxonomy":"category","embeddable":true,"href":"http:\/\/archeofacts.ch\/blog\/index.php?rest_route=%2Fwp%2Fv2%2Fcategories&post=1190"},{"taxonomy":"post_tag","embeddable":true,"href":"http:\/\/archeofacts.ch\/blog\/index.php?rest_route=%2Fwp%2Fv2%2Ftags&post=1190"}],"curies":[{"name":"wp","href":"https:\/\/api.w.org\/{rel}","templated":true}]}}