{"id":1306,"date":"2014-11-27T23:23:28","date_gmt":"2014-11-27T23:23:28","guid":{"rendered":"http:\/\/archeofacts.ch\/blog\/?p=1306"},"modified":"2014-11-27T23:23:28","modified_gmt":"2014-11-27T23:23:28","slug":"memoire-21-du-valais-cest-parti","status":"publish","type":"post","link":"http:\/\/archeofacts.ch\/blog\/?p=1306","title":{"rendered":"\u00ab M\u00e9moire 21 du Valais \u00bb: c&#8217;est parti !"},"content":{"rendered":"<p>Partant du constat que dans le canton du Valais comme ailleurs, la multiplication des travaux d\u2019am\u00e9nagement, en vue de construire des infrastructures et des b\u00e2timents, a d\u00e9pass\u00e9 les capacit\u00e9s de gestion et de sauvegarde du patrimoine historique et entra\u00een\u00e9 d\u2019importantes destructions, l\u2019association valaisanne d\u2019arch\u00e9ologie (AVA-WAG)\u00a0 a jug\u00e9 qu\u2019il \u00e9tait temps de r\u00e9agir si l\u2019on ne veut pas voir s\u2019effacer d\u00e9finitivement les derniers t\u00e9moins encore pr\u00e9serv\u00e9s de l\u2019histoire et de l\u2019h\u00e9ritage culturel valaisan. Pour ce faire, l\u2019AVA-WAG, en collaboration avec le Service des b\u00e2timents, monuments et arch\u00e9ologie, le Service de la culture et le Service du d\u00e9veloppement territorial, a mis en \u0153uvre le projet \u00ab M\u00e9moire 21 \u00bb qui devrait aboutir en janvier 2016, \u00e0 un plan d\u2019action pour la protection et la valorisation du patrimoine historique et arch\u00e9ologique du Valais au 21\u00e8me si\u00e8cle.<br \/>\n<a href=\"http:\/\/archeofacts.ch\/blog\/?attachment_id=1307\" rel=\"attachment wp-att-1307\"><img decoding=\"async\" loading=\"lazy\" class=\"alignnone size-medium wp-image-1307\" alt=\"Sion\" src=\"http:\/\/archeofacts.ch\/blog\/wp-content\/uploads\/2014\/11\/Sion-300x233.jpg\" width=\"300\" height=\"233\" srcset=\"http:\/\/archeofacts.ch\/blog\/wp-content\/uploads\/2014\/11\/Sion-300x233.jpg 300w, http:\/\/archeofacts.ch\/blog\/wp-content\/uploads\/2014\/11\/Sion.jpg 590w\" sizes=\"(max-width: 300px) 100vw, 300px\" \/><\/a><br \/>\nVue sur la ville de Sion.<\/p>\n<p>Mercredi, 26 novembre 2014, quelque 70 personnalit\u00e9s issues de tous les milieux int\u00e9ress\u00e9s ont \u00e9t\u00e9 rassembl\u00e9es \u00e0 Sion dans l\u2019ancien Mus\u00e9e de la nature pour\u00a0 participer \u00e0 la premi\u00e8re \u00e9tape du projet. Lors de cette s\u00e9ance inaugurale, les repr\u00e9sentants ont \u00e9t\u00e9 r\u00e9partis en cinq groupes de travail occup\u00e9s chacun d\u2019un th\u00e8me de r\u00e9flexion afin d\u2019aborder l\u2019ensemble des questions qui se posent sur le sujet, depuis les questions de gouvernance jusqu\u2019\u00e0 l\u2019enseignement de l\u2019histoire et au rayonnement culturel du Valais en passant par les missions de sauvegarde et de transmission du patrimoine au sens large. En tant que m\u00e9diateur culturel et de r\u00e9dacteur de ce blog, j\u2019ai \u00e9t\u00e9 plac\u00e9 dans le groupe charg\u00e9 de traiter de la promotion de ce patrimoine aupr\u00e8s des divers publics. Dans le cadre d\u2019une offre culturelle et touristique toujours plus riche, ce groupe a re\u00e7u pour t\u00e2che de r\u00e9fl\u00e9chir aux moyens de promouvoir le patrimoine historique b\u00e2ti et enfoui du Valais. Entre des sites bien visibles et reconnus par tous, comme le complexe de b\u00e2timents et le tr\u00e9sor de l\u2019abbaye de Saint-Maurice ou les ruines romaines d\u2019Octodure ins\u00e9r\u00e9es dans le tissu urbain de l\u2019actuelle Martigny, se cachent d\u2019autres vestiges plus discrets qui m\u00e9riteraient eux aussi d\u2019\u00eatre connus et mis en valeur en r\u00e9pondant aux questions de base : pourquoi, pour qui et comment ?. Si le pourquoi et le pour qui peuvent appara\u00eetre clairs \u00e0 premi\u00e8re vue, le comment m\u00e9rite un examen plus attentif. Avec le d\u00e9veloppement des nouvelles technologies dans toutes les couches de la soci\u00e9t\u00e9, nul doute que c\u2019est \u00e0 travers des applications pour appareils num\u00e9riques, que peuvent se trouver les solutions d\u2019avenir de la promotion du patrimoine dans le canton du Valais comme ailleurs.<\/p>\n<div id=\"fb_share_1\" style=\"float: right; margin-left: 10px;\"><a name=\"fb_share\" type=\"icon_link\" share_url=\"http:\/\/archeofacts.ch\/blog\/?p=1306\" href=\"http:\/\/www.facebook.com\/sharer.php\">Share<\/a><\/div><div><script src=\"http:\/\/static.ak.fbcdn.net\/connect.php\/js\/FB.Share\" type=\"text\/javascript\"><\/script><\/div>","protected":false},"excerpt":{"rendered":"<p>Partant du constat que dans le canton du Valais comme ailleurs, la multiplication des travaux d\u2019am\u00e9nagement, en vue de construire des infrastructures et des b\u00e2timents, a d\u00e9pass\u00e9 les capacit\u00e9s de gestion et de sauvegarde du patrimoine historique et entra\u00een\u00e9 d\u2019importantes &hellip; <a href=\"http:\/\/archeofacts.ch\/blog\/?p=1306\">Continue reading <span class=\"meta-nav\">&rarr;<\/span><\/a><\/p>\n","protected":false},"author":1,"featured_media":0,"comment_status":"open","ping_status":"open","sticky":false,"template":"","format":"standard","meta":[],"categories":[16,21],"tags":[38,37,39,28],"_links":{"self":[{"href":"http:\/\/archeofacts.ch\/blog\/index.php?rest_route=\/wp\/v2\/posts\/1306"}],"collection":[{"href":"http:\/\/archeofacts.ch\/blog\/index.php?rest_route=\/wp\/v2\/posts"}],"about":[{"href":"http:\/\/archeofacts.ch\/blog\/index.php?rest_route=\/wp\/v2\/types\/post"}],"author":[{"embeddable":true,"href":"http:\/\/archeofacts.ch\/blog\/index.php?rest_route=\/wp\/v2\/users\/1"}],"replies":[{"embeddable":true,"href":"http:\/\/archeofacts.ch\/blog\/index.php?rest_route=%2Fwp%2Fv2%2Fcomments&post=1306"}],"version-history":[{"count":1,"href":"http:\/\/archeofacts.ch\/blog\/index.php?rest_route=\/wp\/v2\/posts\/1306\/revisions"}],"predecessor-version":[{"id":1308,"href":"http:\/\/archeofacts.ch\/blog\/index.php?rest_route=\/wp\/v2\/posts\/1306\/revisions\/1308"}],"wp:attachment":[{"href":"http:\/\/archeofacts.ch\/blog\/index.php?rest_route=%2Fwp%2Fv2%2Fmedia&parent=1306"}],"wp:term":[{"taxonomy":"category","embeddable":true,"href":"http:\/\/archeofacts.ch\/blog\/index.php?rest_route=%2Fwp%2Fv2%2Fcategories&post=1306"},{"taxonomy":"post_tag","embeddable":true,"href":"http:\/\/archeofacts.ch\/blog\/index.php?rest_route=%2Fwp%2Fv2%2Ftags&post=1306"}],"curies":[{"name":"wp","href":"https:\/\/api.w.org\/{rel}","templated":true}]}}