{"id":1310,"date":"2014-12-28T18:32:23","date_gmt":"2014-12-28T18:32:23","guid":{"rendered":"http:\/\/archeofacts.ch\/blog\/?p=1310"},"modified":"2014-12-28T18:32:23","modified_gmt":"2014-12-28T18:32:23","slug":"dagaune-a-saint-maurice","status":"publish","type":"post","link":"http:\/\/archeofacts.ch\/blog\/?p=1310","title":{"rendered":"D\u2019Agaune \u00e0 Saint-Maurice"},"content":{"rendered":"<p>L\u2019ann\u00e9e 2015 s\u2019annonce d\u2019ores et d\u00e9j\u00e0 plac\u00e9e sous\u00a0 par la comm\u00e9moration du <a href=\"http:\/\/www.abbaye1500.ch\/\" target=\"_blank\">1500e anniversaire<\/a> de la fondation de l\u2019Abbaye de Saint Maurice d\u2019Agaune. Apr\u00e8s une ann\u00e9e 2014 d\u00e9j\u00e0 marqu\u00e9e par une s\u00e9rie d\u2019\u00e9v\u00e8nements comme l\u2019exposition du tr\u00e9sor de l\u2019abbaye au <a href=\"http:\/\/www.louvre.fr\/expositions\/le-tresor-de-l-abbaye-de-saint-maurice-d-agaune\" target=\"_blank\">Mus\u00e9e du Louvre<\/a> \u00e0 Paris du 14 mars au 16 juin, la sortie au mois de septembre d\u2019une application pour smartphone &#8220;<a href=\"http:\/\/www.abbaye1500.ch\/app\/\" target=\"_blank\">Abbaye1500<\/a>&#8221; servant d\u2019audioguide de la Basilique et au chemin du p\u00e8lerinage, et\u00a0 la messe de minuit du 24 d\u00e9cembre c\u00e9l\u00e9br\u00e9e\u00a0en Eurovision \u00e0 la t\u00e9l\u00e9vision par l\u2019abb\u00e9 de Saint-Maurice, Mgr. Roduit, c\u2019est <a href=\"http:\/\/www.abbaye-stmaurice.ch\/data\/pdf\/Abbaye_Souscription.pdf\" target=\"_blank\">un ouvrage historique en deux volumes <\/a>qui est \u00e0 para\u00eetre en avril 2015. Cette publication constitue une synth\u00e8se des connaissances sur le plus ancien monast\u00e8re d\u2019Occident toujours en activit\u00e9 et repr\u00e9sente le fruit de six ans de travail d\u2019une \u00e9quipe internationale de plus de trente chercheurs en histoire, en arch\u00e9ologie, en architecture et en histoire de l\u2019art. Le premier volume sera consacr\u00e9 \u00e0 l\u2019histoire, l\u2019arch\u00e9ologie et l\u2019architecture de l\u2019abbaye, le second \u00e0 son remarquable tr\u00e9sor de reliques, qui sera pr\u00e9sent\u00e9 dans des locaux plus vastes et selon une nouvelle mus\u00e9ographie. Quant aux archives anciennes, elles ont \u00e9t\u00e9 num\u00e9ris\u00e9es et sont consultables <a href=\"http:\/\/www.digi-archives.org\/pages\/fondation.html\" target=\"_blank\">en ligne<\/a>.<br \/>\n<a href=\"http:\/\/archeofacts.ch\/blog\/?attachment_id=1311\" rel=\"attachment wp-att-1311\"><img decoding=\"async\" loading=\"lazy\" class=\"alignnone size-medium wp-image-1311\" alt=\"abbaye_agaune\" src=\"http:\/\/archeofacts.ch\/blog\/wp-content\/uploads\/2014\/12\/abbaye_agaune-300x226.jpg\" width=\"300\" height=\"226\" srcset=\"http:\/\/archeofacts.ch\/blog\/wp-content\/uploads\/2014\/12\/abbaye_agaune-300x226.jpg 300w, http:\/\/archeofacts.ch\/blog\/wp-content\/uploads\/2014\/12\/abbaye_agaune.jpg 680w\" sizes=\"(max-width: 300px) 100vw, 300px\" \/><\/a><br \/>\nSite arch\u00e9ologique de l\u2019abbaye<\/p>\n<p>Le dernier num\u00e9ro de la revue <a href=\"http:\/\/www.archaeologie-schweiz.ch\/REVUE-as.102.0.html?&amp;L=3\" target=\"_blank\">AS-arch\u00e9ologie suisse (37-2014.4)<\/a>, consacre son dossier au monast\u00e8re d\u2019Agaune au premier mill\u00e9naire. L\u2019auteure, Alessandra Antonini, arch\u00e9ologue responsable des derni\u00e8res fouilles, montre que les vestiges arch\u00e9ologiques t\u00e9moignent d\u2019une histoire plus ancienne que celle du p\u00e8lerinage, puisque d\u00e8s la fin du 2e si\u00e8cle apr. J.-C., une n\u00e9cropole s\u2019\u00e9tablit sur le futur site de l\u2019Abbaye, \u00e0 proximit\u00e9 d\u2019une source consacr\u00e9e aux Nymphes. Un oratoire accol\u00e9 \u00e0 un monument fun\u00e9raire, s\u00e9pulture d\u2019un personnage important, marque l\u2019emplacement le plus \u00e9lev\u00e9 et devait d\u00e9j\u00e0 servir de lieu de culte avant m\u00eame la d\u00e9pose \u00e0 cet endroit, par l\u2019\u00e9v\u00eaque Th\u00e9odule, aux alentours de 380, des reliques des martyrs de la l\u00e9gion th\u00e9baine. Selon la tradition, \u00e0 la fin du troisi\u00e8me si\u00e8cle, vers 290, une troupe fut appel\u00e9e d&#8217;Egypte, pour appuyer l\u2019empereur Maximien dans ses combats contre les barbares. Cette l\u00e9gion est dite th\u00e9baine, du nom de la ville de Th\u00e8bes (actuellement Louksor) en Haute-Egypte. Cette troupe campait pr\u00e8s d&#8217;Agaune et Maximien voulut contraindre ces soldats chr\u00e9tiens \u00e0 agir contre leur conscience en sacrifiant aux dieux et en pers\u00e9cutant d&#8217;autres chr\u00e9tiens. Saint Maurice et ses compagnons refus\u00e8rent d\u2019agir contre leurs coreligionnaires et pour ce refus d\u2019ordre, la troupe fut d\u00e9cim\u00e9e comme le voulait la r\u00e8gle dans l\u2019arm\u00e9e romaine. C\u2019est le 22 septembre 515, sur le tombeau de Saint-Maurice et des martyrs que le roi burgonde Sigismond fonde le monast\u00e8re d\u2019Agaune qui aura pour effet de modifier le nom de la localit\u00e9 en Saint-Maurice.<\/p>\n<div id=\"fb_share_1\" style=\"float: right; margin-left: 10px;\"><a name=\"fb_share\" type=\"icon_link\" share_url=\"http:\/\/archeofacts.ch\/blog\/?p=1310\" href=\"http:\/\/www.facebook.com\/sharer.php\">Share<\/a><\/div><div><script src=\"http:\/\/static.ak.fbcdn.net\/connect.php\/js\/FB.Share\" type=\"text\/javascript\"><\/script><\/div>","protected":false},"excerpt":{"rendered":"<p>L\u2019ann\u00e9e 2015 s\u2019annonce d\u2019ores et d\u00e9j\u00e0 plac\u00e9e sous\u00a0 par la comm\u00e9moration du 1500e anniversaire de la fondation de l\u2019Abbaye de Saint Maurice d\u2019Agaune. Apr\u00e8s une ann\u00e9e 2014 d\u00e9j\u00e0 marqu\u00e9e par une s\u00e9rie d\u2019\u00e9v\u00e8nements comme l\u2019exposition du tr\u00e9sor de l\u2019abbaye au &hellip; <a href=\"http:\/\/archeofacts.ch\/blog\/?p=1310\">Continue reading <span class=\"meta-nav\">&rarr;<\/span><\/a><\/p>\n","protected":false},"author":1,"featured_media":0,"comment_status":"open","ping_status":"open","sticky":false,"template":"","format":"standard","meta":[],"categories":[3,14,18],"tags":[],"_links":{"self":[{"href":"http:\/\/archeofacts.ch\/blog\/index.php?rest_route=\/wp\/v2\/posts\/1310"}],"collection":[{"href":"http:\/\/archeofacts.ch\/blog\/index.php?rest_route=\/wp\/v2\/posts"}],"about":[{"href":"http:\/\/archeofacts.ch\/blog\/index.php?rest_route=\/wp\/v2\/types\/post"}],"author":[{"embeddable":true,"href":"http:\/\/archeofacts.ch\/blog\/index.php?rest_route=\/wp\/v2\/users\/1"}],"replies":[{"embeddable":true,"href":"http:\/\/archeofacts.ch\/blog\/index.php?rest_route=%2Fwp%2Fv2%2Fcomments&post=1310"}],"version-history":[{"count":2,"href":"http:\/\/archeofacts.ch\/blog\/index.php?rest_route=\/wp\/v2\/posts\/1310\/revisions"}],"predecessor-version":[{"id":1313,"href":"http:\/\/archeofacts.ch\/blog\/index.php?rest_route=\/wp\/v2\/posts\/1310\/revisions\/1313"}],"wp:attachment":[{"href":"http:\/\/archeofacts.ch\/blog\/index.php?rest_route=%2Fwp%2Fv2%2Fmedia&parent=1310"}],"wp:term":[{"taxonomy":"category","embeddable":true,"href":"http:\/\/archeofacts.ch\/blog\/index.php?rest_route=%2Fwp%2Fv2%2Fcategories&post=1310"},{"taxonomy":"post_tag","embeddable":true,"href":"http:\/\/archeofacts.ch\/blog\/index.php?rest_route=%2Fwp%2Fv2%2Ftags&post=1310"}],"curies":[{"name":"wp","href":"https:\/\/api.w.org\/{rel}","templated":true}]}}