{"id":1504,"date":"2017-01-29T20:54:56","date_gmt":"2017-01-29T20:54:56","guid":{"rendered":"http:\/\/archeofacts.ch\/blog\/?p=1504"},"modified":"2017-01-30T10:13:04","modified_gmt":"2017-01-30T10:13:04","slug":"leur-latenium-devoile","status":"publish","type":"post","link":"http:\/\/archeofacts.ch\/blog\/?p=1504","title":{"rendered":"Leur Lat\u00e9nium d\u00e9voil\u00e9"},"content":{"rendered":"<p>Sous l&#8217;accroche \u00ab<a href=\"http:\/\/latenium.ch\/wp-content\/uploads\/2017\/01\/leurlatenium_NE.pdf\" target=\"_blank\"> Leur Lat\u00e9nium<\/a> \u00bb est propos\u00e9 un cycle de visites originales du mus\u00e9e d\u2019arch\u00e9ologie de Neuch\u00e2tel vu \u00e0 travers le regard neuf de neuf personnalit\u00e9s. Regard neuf, car parmi les crit\u00e8res de s\u00e9lection des personnes nomin\u00e9es, elles ne devaient pas \u00eatre retrait\u00e9es, ni actives en politique et non plus avoir de liens directs avec le mus\u00e9e ou ses collections, ce qui \u00e9liminait de facto tous les sp\u00e9cialistes reconnus du domaine arch\u00e9ologique. Ces neuf personnalit\u00e9s ont pour nom, dans l\u2019ordre de leur apparition tout au long de l\u2019ann\u00e9e : Carlos Henriquez, humoriste, Brigitte Hool, cantatrice, Rapha\u00ebl Domjan, \u00e9co-explorateur, Laurent Geninasca, architecte, Tania Chytil, journaliste, Robert Bouvier, directeur de th\u00e9\u00e2tre, John Howe, illustrateur, Olivier Gu\u00e9niat, criminologue, et Marie-Th\u00e9r\u00e8se Bonadonna, d\u00e9l\u00e9gu\u00e9e culturelle. Jeudi 26 janvier, ce fut donc \u00e0 Carlos Henriquez d\u2019inaugurer ce concept particuli\u00e8rement int\u00e9ressant et novateur en nous faisant profiter de sa vision d\u00e9cal\u00e9e et insouciante du r\u00f4le de l\u2019arch\u00e9ologue et plus particuli\u00e8rement de celui de \u00abMonsieur Kaeser \u00bb, directeur du Lat\u00e9nium. Pour un membre de l\u2019\u00e9quipe suisse championne du monde en titre de Catch-Impro, qui, soit dit en passant, remettra son titre en jeu du 2 au 5 f\u00e9vrier 2017 au <a href=\"http:\/\/www.theatredupassage.ch\/spectacles\/coupe-du-monde-de-catch-impro\" target=\"_blank\">th\u00e9\u00e2tre du Passage<\/a>, la visite promettait d\u2019avance d\u2019\u00eatre d\u00e9jant\u00e9e, loufoque, et pleine d\u2019humour. Mon espoir ne fut pas d\u00e9\u00e7u.<br \/>\n<a href=\"http:\/\/archeofacts.ch\/blog\/?attachment_id=1505\" rel=\"attachment wp-att-1505\"><img decoding=\"async\" loading=\"lazy\" class=\"alignnone size-medium wp-image-1505\" alt=\"CarlosHenriquez\" src=\"http:\/\/archeofacts.ch\/blog\/wp-content\/uploads\/2017\/01\/CarlosHenriquez-300x168.jpg\" width=\"300\" height=\"168\" srcset=\"http:\/\/archeofacts.ch\/blog\/wp-content\/uploads\/2017\/01\/CarlosHenriquez-300x168.jpg 300w, http:\/\/archeofacts.ch\/blog\/wp-content\/uploads\/2017\/01\/CarlosHenriquez-800x450.jpg 800w, http:\/\/archeofacts.ch\/blog\/wp-content\/uploads\/2017\/01\/CarlosHenriquez.jpg 1024w\" sizes=\"(max-width: 300px) 100vw, 300px\" \/><\/a><br \/>\nL\u2019ursus spelaeus, preuve de la domination bernoise au Moust\u00e9rien !<\/p>\n<p>En parcourant les salles de l\u2019exposition permanente j\u2019ai appris entre autres que les bustes de l\u2019entr\u00e9e servent \u00e0 d\u00e9poser les couvre-chefs, qu\u2019un squelette d\u2019enfant de 12 ans d\u00e9couvert dans une tombe du Haut Moyen-\u00e2ge est celui d\u2019un enfant ayant gagn\u00e9 une partie de cache-cache, puisque personne ne l\u2019a d\u00e9couvert, mais qu\u2019il aurait mieux fait de sortir de sa cachette avant d\u2019y demeurer pour toujours, que les traces carr\u00e9es que l\u2019on voit au sol en photographie a\u00e9rienne\u00a0 dans les champs du Val de Ruz sont la figuration locale des g\u00e9oglyphes laiss\u00e9s dans le d\u00e9sert de Nazca, que la villa romaine de Colombier n\u2019est autre qu\u2019un projet avort\u00e9 de Bulat Chagaev ex-dirigeant du FC Xamax pour remplacer le ch\u00e2teau, que trois cr\u00e2nes du pont celtique de Cornaux sont les restes bien conserv\u00e9s du trio humoristique <a href=\"http:\/\/www.peutch.ch\/notreparcours\/notreparcours.htm\" target=\"_blank\">Les Peutch<\/a> (Fernand, Ambroise et Maurice), que la statue menhir de Bevaix n\u2019est rien d\u2019autre qu\u2019un selfie de Dieu lui-m\u00eame, que la roue n\u00e9olithique de Saint-Blaise provient bien du Bas du canton de Neuch\u00e2tel puisqu\u2019elle n\u2019est pas munie de cha\u00eenes \u00e0 neige, ou que l\u2019ours des caverne de Cotencher prouve bien qu\u2019au Moust\u00e9rien le canton de Neuch\u00e2tel faisait partie du canton de Berne. Sous le regard de l\u2019humoriste, c\u2019est certain, on ne quitte pas la visite du Lat\u00e9nium sans en avoir une vision quelque peu d\u00e9cal\u00e9e. Pour m\u2019en convaincre il a suffi que je me place devant la derri\u00e8re vitrine de l\u2019exposition permanente du mus\u00e9e qui pr\u00e9sente une s\u00e9rie de sept cr\u00e2nes illustrant les diff\u00e9rentes \u00e9tapes de l\u2019\u00e9volution de l\u2019homme. Avec le commentaire de Carlos Henriquez, cette rang\u00e9e d\u2019enc\u00e9phales devient une sorte de Conseil f\u00e9d\u00e9ral de nos anc\u00eatres avec, \u00e0 gauche, le cr\u00e2ne d\u2019Homo sapiens, et, \u00e0 droite, celui d\u2019un Australopith\u00e8que. A la taille respective des cerveaux on mesure bien de quel bord proviennent les repr\u00e9sentants politiques les plus \u00e9volu\u00e9s. Pourtant parmi toutes les informations glan\u00e9es au cours de cette visite il y en a bien une qui s\u2019est r\u00e9v\u00e9l\u00e9e vraie et que j\u2019ignorais : la pi\u00e8ce de monnaie celtique plac\u00e9e sur un des socles de la premi\u00e8re salle a bien \u00e9t\u00e9 mise au jour par \u00ab Monsieur Kaeser \u00bb, soi-m\u00eame, sur le chantier de l\u2019enceinte de Marin, Les Bourguignonnes. Comme quoi, il y a partout des v\u00e9rit\u00e9s \u00e0 d\u00e9voiler.<\/p>\n<div id=\"fb_share_1\" style=\"float: right; margin-left: 10px;\"><a name=\"fb_share\" type=\"icon_link\" share_url=\"http:\/\/archeofacts.ch\/blog\/?p=1504\" href=\"http:\/\/www.facebook.com\/sharer.php\">Share<\/a><\/div><div><script src=\"http:\/\/static.ak.fbcdn.net\/connect.php\/js\/FB.Share\" type=\"text\/javascript\"><\/script><\/div>","protected":false},"excerpt":{"rendered":"<p>Sous l&#8217;accroche \u00ab Leur Lat\u00e9nium \u00bb est propos\u00e9 un cycle de visites originales du mus\u00e9e d\u2019arch\u00e9ologie de Neuch\u00e2tel vu \u00e0 travers le regard neuf de neuf personnalit\u00e9s. Regard neuf, car parmi les crit\u00e8res de s\u00e9lection des personnes nomin\u00e9es, elles ne &hellip; <a href=\"http:\/\/archeofacts.ch\/blog\/?p=1504\">Continue reading <span class=\"meta-nav\">&rarr;<\/span><\/a><\/p>\n","protected":false},"author":1,"featured_media":0,"comment_status":"open","ping_status":"open","sticky":false,"template":"","format":"standard","meta":[],"categories":[14],"tags":[],"_links":{"self":[{"href":"http:\/\/archeofacts.ch\/blog\/index.php?rest_route=\/wp\/v2\/posts\/1504"}],"collection":[{"href":"http:\/\/archeofacts.ch\/blog\/index.php?rest_route=\/wp\/v2\/posts"}],"about":[{"href":"http:\/\/archeofacts.ch\/blog\/index.php?rest_route=\/wp\/v2\/types\/post"}],"author":[{"embeddable":true,"href":"http:\/\/archeofacts.ch\/blog\/index.php?rest_route=\/wp\/v2\/users\/1"}],"replies":[{"embeddable":true,"href":"http:\/\/archeofacts.ch\/blog\/index.php?rest_route=%2Fwp%2Fv2%2Fcomments&post=1504"}],"version-history":[{"count":12,"href":"http:\/\/archeofacts.ch\/blog\/index.php?rest_route=\/wp\/v2\/posts\/1504\/revisions"}],"predecessor-version":[{"id":1517,"href":"http:\/\/archeofacts.ch\/blog\/index.php?rest_route=\/wp\/v2\/posts\/1504\/revisions\/1517"}],"wp:attachment":[{"href":"http:\/\/archeofacts.ch\/blog\/index.php?rest_route=%2Fwp%2Fv2%2Fmedia&parent=1504"}],"wp:term":[{"taxonomy":"category","embeddable":true,"href":"http:\/\/archeofacts.ch\/blog\/index.php?rest_route=%2Fwp%2Fv2%2Fcategories&post=1504"},{"taxonomy":"post_tag","embeddable":true,"href":"http:\/\/archeofacts.ch\/blog\/index.php?rest_route=%2Fwp%2Fv2%2Ftags&post=1504"}],"curies":[{"name":"wp","href":"https:\/\/api.w.org\/{rel}","templated":true}]}}