{"id":1581,"date":"2017-10-31T14:07:17","date_gmt":"2017-10-31T14:07:17","guid":{"rendered":"http:\/\/archeofacts.ch\/blog\/?p=1581"},"modified":"2017-11-02T09:51:20","modified_gmt":"2017-11-02T09:51:20","slug":"de-labri-de-cro-magnon-au-latenium","status":"publish","type":"post","link":"http:\/\/archeofacts.ch\/blog\/?p=1581","title":{"rendered":"De l\u2019abri de Cro-Magnon au Lat\u00e9nium"},"content":{"rendered":"<p>L\u2019Homme de Cro-Magnon, ce n\u2019est pas du bidon, comme le chantaient <a href=\"https:\/\/www.youtube.com\/watch?v=vB9r79LrBgQ\" target=\"_blank\">les Quatre-Barbus<\/a>. Les participants au dernier voyage de l\u2019association des amis du Lat\u00e9nium et de l\u2019arch\u00e9ologie neuch\u00e2teloise, <a href=\"https:\/\/www.unine.ch\/ia\/home\/associations_et_partenaires\/archeone.html\" target=\"_blank\">Arch\u00e9oNE<\/a>, ont pu s\u2019en rendre compte. Depuis leur h\u00f4tel, <a href=\"http:\/\/www.hostellerie-cro-magnon.com\/\" target=\"_blank\">Le Cro-Magnon<\/a>, adoss\u00e9 \u00e0 la falaise de l\u2019abri-sous-roche du m\u00eame nom, ils disposaient d\u2019une vue plongeante sur le gisement o\u00f9 en mars 1868 fut exhum\u00e9 le squelette de l\u2019Homme de Cro-Magnon dit du \u00abvieillard\u00bb, qui avec les vestiges moins complets de quatre autres individus, constitue l\u2019arch\u00e9type d\u2019une esp\u00e8ce, la n\u00f4tre, Homo sapiens.\u00a0 Alors qu\u2019il y a quelques ann\u00e9es, on pouvait acc\u00e9der gratuitement au pied de la cavit\u00e9 de l\u2019abri, depuis 2014 il faut pour s\u2019y rendre payer l\u2019entr\u00e9e d\u2019<a href=\"http:\/\/www.abri-cromagnon.com\/\" target=\"_blank\">un petit mus\u00e9e<\/a> qui se veut avant tout p\u00e9dagogique et didactique. Car sur place, aucun vestige important n\u2019est conserv\u00e9, sinon sous forme de reproductions. Les ossements ont \u00e9t\u00e9 depuis longtemps exp\u00e9di\u00e9s au Mus\u00e9um National d&#8217;Histoire Naturelle de Paris, avant d\u2019aboutir au Mus\u00e9e de l\u2019Homme de la m\u00eame ville. Quant aux objets en silex et en mati\u00e8re osseuse, issus de <a href=\"http:\/\/www.hominides.com\/html\/lieux\/cro-magnon-abri.php\" target=\"_blank\">diff\u00e9rentes fouilles<\/a>, on les retrouve dispers\u00e9s dans de nombreuses collections.<br \/>\n<a href=\"http:\/\/archeofacts.ch\/blog\/?attachment_id=1582\" rel=\"attachment wp-att-1582\"><img decoding=\"async\" loading=\"lazy\" class=\"alignnone size-medium wp-image-1582\" alt=\"CroMagnon3\" src=\"http:\/\/archeofacts.ch\/blog\/wp-content\/uploads\/2017\/10\/CroMagnon3-300x168.jpg\" width=\"300\" height=\"168\" srcset=\"http:\/\/archeofacts.ch\/blog\/wp-content\/uploads\/2017\/10\/CroMagnon3-300x168.jpg 300w, http:\/\/archeofacts.ch\/blog\/wp-content\/uploads\/2017\/10\/CroMagnon3-800x450.jpg 800w, http:\/\/archeofacts.ch\/blog\/wp-content\/uploads\/2017\/10\/CroMagnon3.jpg 1024w\" sizes=\"(max-width: 300px) 100vw, 300px\" \/><\/a><br \/>\nMise en sc\u00e8ne actuelle de l\u2019abri de Cro-Magnon<\/p>\n<p>La pr\u00e9sence dans l\u2019outillage de fl\u00e9chettes de Bayac et de pointes de la Gravette dans ces collections a permis d\u2019attribuer cette s\u00e9pulture au Gravettien ancien, bien que l\u2019on retrouve \u00e9galement dans le gisement de Cro-Magnon des \u00e9l\u00e9ments attribuables \u00e0 l\u2019Aurignacien. La pr\u00e9sence de nombreux coquillages de littorine utilis\u00e9s en parure des v\u00eatements des d\u00e9funts a permis leur datation directe \u00e0 environ 32&#8217;000 ans avant notre pr\u00e9sent, ce qui en fait parmi les plus anciennes tombes connues de l\u2019homme moderne en Europe occidentale. Dans l\u2019ensemble des collections issues des fouilles du gisement, figurait celle de la famille Berthoumeyrou propri\u00e9taire du terrain.\u00a0 Les objets de cette collection furent acquis apr\u00e8s 1897 par le pal\u00e9ontologue \u00c9mile Rivi\u00e8re. Apr\u00e8s la mort de celui-ci en 1922, sa collection fut mise aux ench\u00e8res en 1924 et acquise \u00e0 bas prix par un jeune Suisse, Henry Gass, \u00e9tudiant de l\u2019\u00c9cole dentaire de Paris. Comme nous le rapporte <a href=\"https:\/\/fr.wikipedia.org\/wiki\/Eug%C3%A8ne_Pittard\" target=\"_blank\">Eug\u00e8ne Pittard<\/a>, ce jeune homme mourut pr\u00e9matur\u00e9ment en 1927, et sans avoir \u00e9t\u00e9 expos\u00e9e cette partie de la collection Rivi\u00e8re demeura dans le grenier de la maison familiale \u00e0 La Chaux-de-Fonds. Au d\u00e9c\u00e8s de la m\u00e8re, \u00e0 la fin des ann\u00e9es 1950, la collection fut acquise par un chirurgien de Neuch\u00e2tel, amateur de Pr\u00e9histoire, le m\u00eame qui en 1964 exhuma dans la grotte de Cotencher un <a href=\"http:\/\/archeofacts.ch\/blog\/?p=610\" target=\"_blank\">fragment de la m\u00e2choire sup\u00e9rieure d\u2019une femme de Neandertal<\/a>. Enfin, en 1999, l\u2019\u00e9pouse du m\u00e9decin proposa l\u2019ensemble des collections de son mari d\u00e9c\u00e9d\u00e9 \u00e0 la vente au Mus\u00e9e cantonal d\u2019arch\u00e9ologie de Neuch\u00e2tel, peu avant son d\u00e9m\u00e9nagement au <a href=\"http:\/\/latenium.ch\/\" target=\"_blank\">Lat\u00e9nium<\/a>. Au sein des objets de cette collection venant du site de Cro-Magnon se trouve une gravure sur une diaphyse d\u2019os. Les traits grav\u00e9s repr\u00e9sentent un bison qui marche. Ce t\u00e9moignage de l\u2019art Gravettien peut aujourd\u2019hui \u00eatre admir\u00e9 dans le d\u00e9p\u00f4t visitable du mus\u00e9e, comme un clin d\u2019\u0153il adress\u00e9 aux membres d\u2019Arch\u00e9oNE partis au mois de septembre \u00e0 la d\u00e9couverte des grottes orn\u00e9es du P\u00e9rigord.<\/p>\n<div id=\"fb_share_1\" style=\"float: right; margin-left: 10px;\"><a name=\"fb_share\" type=\"icon_link\" share_url=\"http:\/\/archeofacts.ch\/blog\/?p=1581\" href=\"http:\/\/www.facebook.com\/sharer.php\">Share<\/a><\/div><div><script src=\"http:\/\/static.ak.fbcdn.net\/connect.php\/js\/FB.Share\" type=\"text\/javascript\"><\/script><\/div>","protected":false},"excerpt":{"rendered":"<p>L\u2019Homme de Cro-Magnon, ce n\u2019est pas du bidon, comme le chantaient les Quatre-Barbus. Les participants au dernier voyage de l\u2019association des amis du Lat\u00e9nium et de l\u2019arch\u00e9ologie neuch\u00e2teloise, Arch\u00e9oNE, ont pu s\u2019en rendre compte. Depuis leur h\u00f4tel, Le Cro-Magnon, adoss\u00e9 &hellip; <a href=\"http:\/\/archeofacts.ch\/blog\/?p=1581\">Continue reading <span class=\"meta-nav\">&rarr;<\/span><\/a><\/p>\n","protected":false},"author":1,"featured_media":0,"comment_status":"open","ping_status":"open","sticky":false,"template":"","format":"standard","meta":[],"categories":[14,17],"tags":[],"_links":{"self":[{"href":"http:\/\/archeofacts.ch\/blog\/index.php?rest_route=\/wp\/v2\/posts\/1581"}],"collection":[{"href":"http:\/\/archeofacts.ch\/blog\/index.php?rest_route=\/wp\/v2\/posts"}],"about":[{"href":"http:\/\/archeofacts.ch\/blog\/index.php?rest_route=\/wp\/v2\/types\/post"}],"author":[{"embeddable":true,"href":"http:\/\/archeofacts.ch\/blog\/index.php?rest_route=\/wp\/v2\/users\/1"}],"replies":[{"embeddable":true,"href":"http:\/\/archeofacts.ch\/blog\/index.php?rest_route=%2Fwp%2Fv2%2Fcomments&post=1581"}],"version-history":[{"count":8,"href":"http:\/\/archeofacts.ch\/blog\/index.php?rest_route=\/wp\/v2\/posts\/1581\/revisions"}],"predecessor-version":[{"id":1590,"href":"http:\/\/archeofacts.ch\/blog\/index.php?rest_route=\/wp\/v2\/posts\/1581\/revisions\/1590"}],"wp:attachment":[{"href":"http:\/\/archeofacts.ch\/blog\/index.php?rest_route=%2Fwp%2Fv2%2Fmedia&parent=1581"}],"wp:term":[{"taxonomy":"category","embeddable":true,"href":"http:\/\/archeofacts.ch\/blog\/index.php?rest_route=%2Fwp%2Fv2%2Fcategories&post=1581"},{"taxonomy":"post_tag","embeddable":true,"href":"http:\/\/archeofacts.ch\/blog\/index.php?rest_route=%2Fwp%2Fv2%2Ftags&post=1581"}],"curies":[{"name":"wp","href":"https:\/\/api.w.org\/{rel}","templated":true}]}}