{"id":1710,"date":"2018-10-25T15:17:22","date_gmt":"2018-10-25T15:17:22","guid":{"rendered":"http:\/\/archeofacts.ch\/blog\/?p=1710"},"modified":"2018-10-25T22:55:16","modified_gmt":"2018-10-25T22:55:16","slug":"immersion-lacustre-avec-emersion","status":"publish","type":"post","link":"http:\/\/archeofacts.ch\/blog\/?p=1710","title":{"rendered":"Immersion lacustre avec \u00ab emersion \u00bb"},"content":{"rendered":"<p>Apr\u00e8s <a href=\"https:\/\/archeofacts.ch\/blog\/?p=828\" target=\"_blank\">l\u2019annonce<\/a> et la remise des <a href=\"https:\/\/archeofacts.ch\/blog\/?p=864\" target=\"_blank\">certificats d\u2019inscription<\/a> sur la liste du patrimoine mondial de l\u2019UNESCO en 2011, puis la pr\u00e9sentation d\u2019un <a href=\"https:\/\/archeofacts.ch\/blog\/?p=1539\" target=\"_blank\">guide des Palafittes suisses<\/a> en 2017, le Parc et Mus\u00e9e cantonal d\u2019arch\u00e9ologie de Neuch\u00e2tel, connu sous le nom du Lat\u00e9nium, \u00e0 Hauterive NE, s\u2019illustre \u00e0 nouveau dans le cadre d\u2019un \u00e9v\u00e9nement directement en relation avec la mise en valeur des \u00ab Sites palafittiques pr\u00e9historiques autour des Alpes \u00bb. Inaugur\u00e9e mardi dernier, une fresque photovolta\u00efque de 18m de long, permet d\u2019avoir un bon aper\u00e7u de l\u2019\u00e9tat de conservation de l\u2019un des cinq sites palafittiques neuch\u00e2telois inscrit au Patrimoine mondial. A la fa\u00e7on d\u2019un plongeur, mais sans difficult\u00e9, on peut visualiser un panorama embrassant environ 180 m2 de la station lacustre de \u00ab Bevaix \/ l\u2019Abbaye 2 \u00bb qui dans son ensemble couvre une surface d\u2019un peu plus d\u2019un hectare. Le site se situe \u00e0 50m du rivage par deux m\u00e8tres de fond. Les centaines d\u2019objets qui y ont \u00e9t\u00e9 r\u00e9colt\u00e9s t\u00e9moignent d\u2019un point de vue typologique de toutes les phases du Bronze final. De fait, les datations dendrochronologiques des 11 pieux dat\u00e9s, s\u2019\u00e9talent entre 1057 et 880 avant J.-C. Pourvu de cette installation le Lat\u00e9nium m\u00e9rite d\u2019autant mieux son r\u00f4le de Centre d\u2019interpr\u00e9tation des palafittes du pourtour alpin et la <a href=\"https:\/\/www.ne.ch\/medias\/Pages\/20180919-distinction-latenium.aspx\" target=\"_blank\">M\u00e9daille de la m\u00e9diation<\/a> arch\u00e9ologique que lui a d\u00e9cern\u00e9, il y a quelques semaines, l&#8217;Union internationale des sciences pr\u00e9historiques et protohistoriques (UISPP).<br \/>\n<a href=\"http:\/\/archeofacts.ch\/blog\/?attachment_id=1711\" rel=\"attachment wp-att-1711\"><img decoding=\"async\" loading=\"lazy\" class=\"alignnone size-medium wp-image-1711\" alt=\"emersion\" src=\"http:\/\/archeofacts.ch\/blog\/wp-content\/uploads\/2018\/10\/emersion-300x168.jpg\" width=\"300\" height=\"168\" srcset=\"http:\/\/archeofacts.ch\/blog\/wp-content\/uploads\/2018\/10\/emersion-300x168.jpg 300w, http:\/\/archeofacts.ch\/blog\/wp-content\/uploads\/2018\/10\/emersion-800x450.jpg 800w, http:\/\/archeofacts.ch\/blog\/wp-content\/uploads\/2018\/10\/emersion.jpg 1024w\" sizes=\"(max-width: 300px) 100vw, 300px\" \/><\/a><br \/>\nComme un air d\u2019aquarium<\/p>\n<p>L\u2019id\u00e9e de cette fresque trouve son origine dans l\u2019esprit de l\u2019ing\u00e9nieur et a\u00e9rostier Fabien Droz. Par ses contacts \u00e9tablis avec Laure-Emmanuelle Perret, responsable des technologies au sein de la division photovolta\u00efque du <a href=\"https:\/\/www.csem.ch\/home\" target=\"_blank\">CSEM<\/a>, et avec Fabien Langenegger, arch\u00e9ologue \u00e0 l\u2019Office du patrimoine et de l\u2019arch\u00e9ologie (<a href=\"https:\/\/www.ne.ch\/autorites\/DJSC\/SCNE\/organisation\/Pages\/opan.aspx\" target=\"_blank\">OPAN<\/a>), est n\u00e9 un projet baptis\u00e9 \u00ab <a href=\"https:\/\/compaz.art\/fr\/projets\/emersion#emersion\" target=\"_blank\">emersion<\/a> \u00bb con\u00e7u en partenariat entre l\u2019association <a href=\"https:\/\/compaz.art\/fr\" target=\"_blank\">Comp\u00e1z<\/a> et le <a href=\"http:\/\/latenium.ch\/\" target=\"_blank\">Lat\u00e9nium<\/a>, pour r\u00e9aliser une valorisation des palafittes de mani\u00e8re originale et novatrice. Le panorama subaquatique photographi\u00e9 par Fabien Langenegger dans les eaux froides mais moins turbides du mois d\u2019avril, est constitu\u00e9 par l\u2019assemblage d\u2019une mosa\u00efque d\u2019une centaine de clich\u00e9s pris avec un rail de traveling tous les 30 cm sur une vingtaine de m\u00e8tres. Le visiteur peu ainsi d\u00e9couvrir \u00e0 l\u2019\u00e9chelle 1:1 ce qu\u2019il pourrait voir sous l\u2019eau s\u2019il avait le droit et les capacit\u00e9s de plonger \u00e0 cet endroit, ce qui n\u2019est pas accord\u00e9 \u00e0 tout le monde. Car pour des raisons \u00e9videntes de protection le site lui-m\u00eame est interdit \u00e0 la plong\u00e9e. Cette interdiction n\u2019a cependant pas emp\u00each\u00e9 des personnes mal intentionn\u00e9es de se rendre sur les lieux, et, sans se faire remarquer, de d\u00e9monter et d\u00e9rober les rails laiss\u00e9s sur place. Pour l\u2019anecdote, c\u2019est le premier vol sous l\u2019eau enregistr\u00e9 par la police neuch\u00e2teloise. Les \u00e9l\u00e9ments de cette fresque sont install\u00e9s contre les parois m\u00e9ridionales de l\u2019ancien bassin piscicole dont le plan d\u2019eau, situ\u00e9 \u00e0 432 m au-dessus de la mer, restitue l\u2019altitude du lac de Neuch\u00e2tel avant les travaux de la Correction des eaux du Jura qui conduisirent \u00e0 une baisse de 2m70 de son niveau vers 1880. Face \u00e0 cette r\u00e9alisation, on constate qu\u2019elle n\u2019est pas seulement esth\u00e9tiquement tr\u00e8s r\u00e9ussie, mais qu\u2019elle est \u00e9galement tr\u00e8s utile. Les 19 panneaux solaires qui la constitue fournissent l\u2019\u00e9lectricit\u00e9 n\u00e9cessaire pour alimenter en \u00e9nergie l\u2019ensemble des salles consacr\u00e9es \u00e0 la Pr\u00e9histoire, soit l\u2019\u00e9quivalent d\u2019un tiers des besoins en \u00e9clairage du mus\u00e9e. Cette \u0153uvre d\u2019art technologique devrait pouvoir se conserver dans cet \u00e9tat au moins une quinzaine d\u2019ann\u00e9e et contribuer \u00e0 la durabilit\u00e9 de la construction du Lat\u00e9nium d\u00e9j\u00e0 distingu\u00e9e par le label Minergie.<\/p>\n<div id=\"fb_share_1\" style=\"float: right; margin-left: 10px;\"><a name=\"fb_share\" type=\"icon_link\" share_url=\"http:\/\/archeofacts.ch\/blog\/?p=1710\" href=\"http:\/\/www.facebook.com\/sharer.php\">Share<\/a><\/div><div><script src=\"http:\/\/static.ak.fbcdn.net\/connect.php\/js\/FB.Share\" type=\"text\/javascript\"><\/script><\/div>","protected":false},"excerpt":{"rendered":"<p>Apr\u00e8s l\u2019annonce et la remise des certificats d\u2019inscription sur la liste du patrimoine mondial de l\u2019UNESCO en 2011, puis la pr\u00e9sentation d\u2019un guide des Palafittes suisses en 2017, le Parc et Mus\u00e9e cantonal d\u2019arch\u00e9ologie de Neuch\u00e2tel, connu sous le nom &hellip; <a href=\"http:\/\/archeofacts.ch\/blog\/?p=1710\">Continue reading <span class=\"meta-nav\">&rarr;<\/span><\/a><\/p>\n","protected":false},"author":1,"featured_media":0,"comment_status":"open","ping_status":"open","sticky":false,"template":"","format":"standard","meta":[],"categories":[14,17],"tags":[],"_links":{"self":[{"href":"http:\/\/archeofacts.ch\/blog\/index.php?rest_route=\/wp\/v2\/posts\/1710"}],"collection":[{"href":"http:\/\/archeofacts.ch\/blog\/index.php?rest_route=\/wp\/v2\/posts"}],"about":[{"href":"http:\/\/archeofacts.ch\/blog\/index.php?rest_route=\/wp\/v2\/types\/post"}],"author":[{"embeddable":true,"href":"http:\/\/archeofacts.ch\/blog\/index.php?rest_route=\/wp\/v2\/users\/1"}],"replies":[{"embeddable":true,"href":"http:\/\/archeofacts.ch\/blog\/index.php?rest_route=%2Fwp%2Fv2%2Fcomments&post=1710"}],"version-history":[{"count":4,"href":"http:\/\/archeofacts.ch\/blog\/index.php?rest_route=\/wp\/v2\/posts\/1710\/revisions"}],"predecessor-version":[{"id":1713,"href":"http:\/\/archeofacts.ch\/blog\/index.php?rest_route=\/wp\/v2\/posts\/1710\/revisions\/1713"}],"wp:attachment":[{"href":"http:\/\/archeofacts.ch\/blog\/index.php?rest_route=%2Fwp%2Fv2%2Fmedia&parent=1710"}],"wp:term":[{"taxonomy":"category","embeddable":true,"href":"http:\/\/archeofacts.ch\/blog\/index.php?rest_route=%2Fwp%2Fv2%2Fcategories&post=1710"},{"taxonomy":"post_tag","embeddable":true,"href":"http:\/\/archeofacts.ch\/blog\/index.php?rest_route=%2Fwp%2Fv2%2Ftags&post=1710"}],"curies":[{"name":"wp","href":"https:\/\/api.w.org\/{rel}","templated":true}]}}