{"id":1831,"date":"2019-10-31T14:01:54","date_gmt":"2019-10-31T14:01:54","guid":{"rendered":"http:\/\/archeofacts.ch\/blog\/?p=1831"},"modified":"2019-10-31T14:01:54","modified_gmt":"2019-10-31T14:01:54","slug":"les-archeologues-europeens-en-congres-a-berne","status":"publish","type":"post","link":"http:\/\/archeofacts.ch\/blog\/?p=1831","title":{"rendered":"Les arch\u00e9ologues europ\u00e9ens en congr\u00e8s \u00e0 Berne"},"content":{"rendered":"<p>Du 4 au 7 septembre 2019 s\u2019est tenu dans les locaux de l\u2019Universit\u00e9 de Berne le <a href=\"https:\/\/www.e-a-a.org\/EAA2019\" target=\"_blank\">25\u00e8me congr\u00e8s annuel de l\u2019Association europ\u00e9enne des arch\u00e9ologues (EAA)<\/a>. Cette ann\u00e9e, c\u2019est sous la devise : \u00ab Au-del\u00e0 des paradigmes \u00bb que plus de 1800 arch\u00e9ologues du monde entier se sont retrouv\u00e9s pour d\u00e9battre des derni\u00e8res d\u00e9couvertes dans leur domaine. Le programme scientifique de la manifestation \u00e9tait divis\u00e9 selon six th\u00e8mes de l&#8217;arch\u00e9ologie et de la recherche en pr\u00e9servation du patrimoine, \u00e0 savoir : \u00ab Th\u00e9orie et m\u00e9thodes arch\u00e9ologiques au-del\u00e0 des paradigmes \u00bb; \u00ab Interpr\u00e9tation des documents arch\u00e9ologiques \u00bb; \u00ab Arch\u00e9ologie des paysages de montagne \u00bb ; \u00ab Arch\u00e9ologie num\u00e9rique, science et multidisciplinarit\u00e9 \u00bb; \u00ab Patrimoine arch\u00e9ologique et gestion des mus\u00e9es \u00bb; ainsi que \u00ab Changement climatique et Arch\u00e9ologie \u00bb.<br \/>\n<a href=\"http:\/\/archeofacts.ch\/blog\/?attachment_id=1832\" rel=\"attachment wp-att-1832\"><img decoding=\"async\" loading=\"lazy\" class=\"alignnone size-full wp-image-1832\" alt=\"EAA2019\" src=\"http:\/\/archeofacts.ch\/blog\/wp-content\/uploads\/2019\/10\/EAA2019.jpg\" width=\"512\" height=\"288\" \/><\/a><br \/>\nPorte d\u2019enregistrement pour l\u2019EAA 2019<\/p>\n<p>L&#8217;<a href=\"https:\/\/www.e-a-a.org\/\" target=\"_blank\">Association europ\u00e9enne des arch\u00e9ologues (EAA)<\/a> a \u00e9t\u00e9 fond\u00e9e en 1994 lors d\u2019une premi\u00e8re rencontre qui s\u2019est tenue \u00e0 Ljubljana en Slov\u00e9nie. Cette premi\u00e8re avait r\u00e9uni 150 membres. L\u2019ann\u00e9e derni\u00e8re, lors du rendez-vous annuel qui s\u2019est tenu \u00e0 Barcelone, ce furent 2992 membres qui se sont retrouv\u00e9s, soit un pourcentage significatif des 3547 membres enregistr\u00e9s. L\u2019EAA repr\u00e9sente les int\u00e9r\u00eats des arch\u00e9ologues des universit\u00e9s, des services de protection du patrimoine, des mus\u00e9es et du secteur priv\u00e9 au niveau europ\u00e9en et constitue de ce fait la plus grande association professionnelle europ\u00e9enne des diverses disciplines de l&#8217;arch\u00e9ologie. D\u2019apr\u00e8s son acte de fondation, elle a pour objectif de promouvoir le d\u00e9veloppement de la recherche arch\u00e9ologique et l&#8217;\u00e9change d&#8217;informations arch\u00e9ologiques ; la gestion et l&#8217;interpr\u00e9tation du patrimoine arch\u00e9ologique europ\u00e9en ; les normes \u00e9thiques et scientifiques appropri\u00e9es pour le travail arch\u00e9ologique ; les int\u00e9r\u00eats des arch\u00e9ologues professionnels en Europe ; la coop\u00e9ration avec d&#8217;autres organisations ayant des objectifs similaires. La 25e \u00e9dition de ces rencontres marque le premier grand anniversaire de l&#8217;histoire de l&#8217;association et se d\u00e9roule pour la premi\u00e8re fois en Suisse. A cette occasion, la revue <a href=\"http:\/\/www.archaeologie-schweiz.ch\/REVUE-as.102.0.html?&amp;L=3\" target=\"_blank\">AS-Arch\u00e9ologie Suisse<\/a>, dans sa derni\u00e8re \u00e9dition, a \u00e9dit\u00e9 un dossier qui expose en d\u00e9tails le pass\u00e9, le pr\u00e9sent et l\u2019avenir de l\u2019organisation que l\u2019on peut t\u00e9l\u00e9charger sur le site de l\u2019EAA.<\/p>\n<div id=\"fb_share_1\" style=\"float: right; margin-left: 10px;\"><a name=\"fb_share\" type=\"icon_link\" share_url=\"http:\/\/archeofacts.ch\/blog\/?p=1831\" href=\"http:\/\/www.facebook.com\/sharer.php\">Share<\/a><\/div><div><script src=\"http:\/\/static.ak.fbcdn.net\/connect.php\/js\/FB.Share\" type=\"text\/javascript\"><\/script><\/div>","protected":false},"excerpt":{"rendered":"<p>Du 4 au 7 septembre 2019 s\u2019est tenu dans les locaux de l\u2019Universit\u00e9 de Berne le 25\u00e8me congr\u00e8s annuel de l\u2019Association europ\u00e9enne des arch\u00e9ologues (EAA). Cette ann\u00e9e, c\u2019est sous la devise : \u00ab Au-del\u00e0 des paradigmes \u00bb que plus de &hellip; <a href=\"http:\/\/archeofacts.ch\/blog\/?p=1831\">Continue reading <span class=\"meta-nav\">&rarr;<\/span><\/a><\/p>\n","protected":false},"author":1,"featured_media":0,"comment_status":"open","ping_status":"open","sticky":false,"template":"","format":"standard","meta":[],"categories":[22,16,19],"tags":[],"_links":{"self":[{"href":"http:\/\/archeofacts.ch\/blog\/index.php?rest_route=\/wp\/v2\/posts\/1831"}],"collection":[{"href":"http:\/\/archeofacts.ch\/blog\/index.php?rest_route=\/wp\/v2\/posts"}],"about":[{"href":"http:\/\/archeofacts.ch\/blog\/index.php?rest_route=\/wp\/v2\/types\/post"}],"author":[{"embeddable":true,"href":"http:\/\/archeofacts.ch\/blog\/index.php?rest_route=\/wp\/v2\/users\/1"}],"replies":[{"embeddable":true,"href":"http:\/\/archeofacts.ch\/blog\/index.php?rest_route=%2Fwp%2Fv2%2Fcomments&post=1831"}],"version-history":[{"count":2,"href":"http:\/\/archeofacts.ch\/blog\/index.php?rest_route=\/wp\/v2\/posts\/1831\/revisions"}],"predecessor-version":[{"id":1834,"href":"http:\/\/archeofacts.ch\/blog\/index.php?rest_route=\/wp\/v2\/posts\/1831\/revisions\/1834"}],"wp:attachment":[{"href":"http:\/\/archeofacts.ch\/blog\/index.php?rest_route=%2Fwp%2Fv2%2Fmedia&parent=1831"}],"wp:term":[{"taxonomy":"category","embeddable":true,"href":"http:\/\/archeofacts.ch\/blog\/index.php?rest_route=%2Fwp%2Fv2%2Fcategories&post=1831"},{"taxonomy":"post_tag","embeddable":true,"href":"http:\/\/archeofacts.ch\/blog\/index.php?rest_route=%2Fwp%2Fv2%2Ftags&post=1831"}],"curies":[{"name":"wp","href":"https:\/\/api.w.org\/{rel}","templated":true}]}}