{"id":189,"date":"2008-07-29T23:57:50","date_gmt":"2008-07-29T22:57:50","guid":{"rendered":"http:\/\/www.ceramostratigraphie.ch\/blog\/?p=180"},"modified":"2011-04-28T12:44:48","modified_gmt":"2011-04-28T12:44:48","slug":"un-musee-pour-gaza","status":"publish","type":"post","link":"http:\/\/archeofacts.ch\/blog\/?p=189","title":{"rendered":"Un mus\u00e9e pour Gaza"},"content":{"rendered":"<p>L\u2019ann\u00e9e derni\u00e8re \u00e9tait pr\u00e9sent\u00e9 au Mus\u00e9e d\u2019Art et d\u2019Histoire de Gen\u00e8ve la remarquable exposition : <a href=\"http:\/\/www.archeofacts.ch\/blog\/?p=61\" target=\"_blank\">Gaza \u00e0 la crois\u00e9e des civilisations<\/a>. Le but de cette pr\u00e9sentation, con\u00e7ue dans le cadre d\u2019un projet plac\u00e9 sous le patronage de l\u2019Unesco, \u00e9tait de montrer la richesse du pass\u00e9 de ce territoire \u00e0 travers la collection exceptionnelle d\u2019objets collect\u00e9s par Jawdat  Khoudary.  Cette exposition devait servir d\u2019amorce \u00e0 la cr\u00e9ation d\u2019un v\u00e9ritable mus\u00e9e arch\u00e9ologique palestinien dans la bande de Gaza. H\u00e9las, la politique et le conflit qui ensanglante la r\u00e9gion se montrent peu propices \u00e0 une telle aventure. La bande de Gaza est toujours boucl\u00e9e par l\u2019arm\u00e9e isra\u00e9lienne, et le pr\u00e9sident de l\u2019autorit\u00e9  palestinienne, Mahmoud Abbas, qui avait inaugur\u00e9 l\u2019exposition de Gen\u00e8ve en compagnie de Micheline Calmy-Rey, pr\u00e9sidente de la Conf\u00e9d\u00e9ration,  a d\u00fb quitter la zone, si bien que le projet, tel que d\u00e9velopp\u00e9 alors, n\u2019a pu \u00eatre poursuivit.<\/p>\n<p><img decoding=\"async\" loading=\"lazy\" src=\"http:\/\/www.archeofacts.ch\/imgblog\/Gaza6.jpg\" alt=\"Al-Mathaf, Gaza\" width=\"300\" height=\"173\" \/><\/p>\n<p>La grande salle du Mus\u00e9e de Gaza (photo: <a href=\"http:\/\/www.nytimes.com\/slideshow\/2008\/07\/25\/world\/middleeast\/20080725_GAZA_SLIDESHOW_index.html\" target=\"_blank\">New-York Times<\/a>)<\/p>\n<p>Le projet de mus\u00e9e se trouve ainsi au point mort. Cela \u00e9tait sans compter la passion, toujours intacte, que nourrit Jawdat Khoudary pour l\u2019histoire de sa patrie. En tant qu\u2019entrepreneur en b\u00e2timent il \u00e9tait bien plac\u00e9 pour r\u00e9colter les objets mis au jours fortuitement par les machines de chantier de son entreprise de construction et, alors que chez nous les machinistes se font g\u00e9n\u00e9ralement un devoir de ne rien voir et de ne surtout rien dire en cas de d\u00e9couvertes pouvant int\u00e9resser notre pass\u00e9, \u00e0 Gaza ce sont justement les ouvriers des chantiers qui ont permis, en l\u2019espace de 22 ans, \u00e0 Jawdat Khoudary, de r\u00e9unir l\u2019essentiel de sa collection. Ces jours, apr\u00e8s six mois de travail, il entreprend les derni\u00e8res finitions \u00e0 son mus\u00e9e, baptis\u00e9 tout simplement Al-Mathaf (le mus\u00e9e en arabe). Un restaurant et un h\u00f4tel sont pr\u00eats \u00e9galement \u00e0 accueillir les futurs visiteurs. Encore faut-il leur permettre de venir.<\/p>\n<div id=\"fb_share_1\" style=\"float: right; margin-left: 10px;\"><a name=\"fb_share\" type=\"icon_link\" share_url=\"http:\/\/archeofacts.ch\/blog\/?p=189\" href=\"http:\/\/www.facebook.com\/sharer.php\">Share<\/a><\/div><div><script src=\"http:\/\/static.ak.fbcdn.net\/connect.php\/js\/FB.Share\" type=\"text\/javascript\"><\/script><\/div>","protected":false},"excerpt":{"rendered":"<p>L\u2019ann\u00e9e derni\u00e8re \u00e9tait pr\u00e9sent\u00e9 au Mus\u00e9e d\u2019Art et d\u2019Histoire de Gen\u00e8ve la remarquable exposition : Gaza \u00e0 la crois\u00e9e des civilisations. Le but de cette pr\u00e9sentation, con\u00e7ue dans le cadre d\u2019un projet plac\u00e9 sous le patronage de l\u2019Unesco, \u00e9tait de &hellip; <a href=\"http:\/\/archeofacts.ch\/blog\/?p=189\">Continue reading <span class=\"meta-nav\">&rarr;<\/span><\/a><\/p>\n","protected":false},"author":1,"featured_media":0,"comment_status":"open","ping_status":"open","sticky":false,"template":"","format":"standard","meta":[],"categories":[14],"tags":[],"_links":{"self":[{"href":"http:\/\/archeofacts.ch\/blog\/index.php?rest_route=\/wp\/v2\/posts\/189"}],"collection":[{"href":"http:\/\/archeofacts.ch\/blog\/index.php?rest_route=\/wp\/v2\/posts"}],"about":[{"href":"http:\/\/archeofacts.ch\/blog\/index.php?rest_route=\/wp\/v2\/types\/post"}],"author":[{"embeddable":true,"href":"http:\/\/archeofacts.ch\/blog\/index.php?rest_route=\/wp\/v2\/users\/1"}],"replies":[{"embeddable":true,"href":"http:\/\/archeofacts.ch\/blog\/index.php?rest_route=%2Fwp%2Fv2%2Fcomments&post=189"}],"version-history":[{"count":2,"href":"http:\/\/archeofacts.ch\/blog\/index.php?rest_route=\/wp\/v2\/posts\/189\/revisions"}],"predecessor-version":[{"id":582,"href":"http:\/\/archeofacts.ch\/blog\/index.php?rest_route=\/wp\/v2\/posts\/189\/revisions\/582"}],"wp:attachment":[{"href":"http:\/\/archeofacts.ch\/blog\/index.php?rest_route=%2Fwp%2Fv2%2Fmedia&parent=189"}],"wp:term":[{"taxonomy":"category","embeddable":true,"href":"http:\/\/archeofacts.ch\/blog\/index.php?rest_route=%2Fwp%2Fv2%2Fcategories&post=189"},{"taxonomy":"post_tag","embeddable":true,"href":"http:\/\/archeofacts.ch\/blog\/index.php?rest_route=%2Fwp%2Fv2%2Ftags&post=189"}],"curies":[{"name":"wp","href":"https:\/\/api.w.org\/{rel}","templated":true}]}}