{"id":195,"date":"2008-08-29T21:13:27","date_gmt":"2008-08-29T20:13:27","guid":{"rendered":"http:\/\/www.ceramostratigraphie.ch\/blog\/?p=186"},"modified":"2011-04-28T12:47:21","modified_gmt":"2011-04-28T12:47:21","slug":"de-la-musique-et-des-jeux","status":"publish","type":"post","link":"http:\/\/archeofacts.ch\/blog\/?p=195","title":{"rendered":"De la musique et des jeux"},"content":{"rendered":"<p>La plus grande f\u00eate romaine de Suisse aura lieu ce week-end, les 30 et 31 ao\u00fbt, dans les vestiges de la colonie romaine d\u2019Augusta Raurica (Augst, B\u00e2le Campagne). Pour la treizi\u00e8me fois, les curieux du pass\u00e9 go\u00fbteront, le temps d\u2019un week-end, \u00e0 la mani\u00e8re de vivre des romains dans le cadre de la treizi\u00e8me <a href=\"http:\/\/www.roemerfest.ch\/\" target=\"_blank\">R\u00f6merfest<\/a>. Au <a href=\"http:\/\/www.roemerfest.ch\/images\/content\/roemerfest_2008_programm.pdf\" target=\"_blank\">programme<\/a> de cette ann\u00e9e on trouve la compagnie italienne Ars Dimicandi dont la pr\u00e9sence \u00e0 la manifestation est de faire revivre dans le th\u00e9\u00e2tre d\u2019Augst, sous forme de spectacles, les combats des gladiateurs. Pour la circonstance, leurs passes d\u2019armes seront accompagn\u00e9es par les\u00a0instruments de musiques du groupe allemand Musica Romana.<\/p>\n<p><img decoding=\"async\" loading=\"lazy\" style=\"border: 0pt none;\" src=\"http:\/\/www.archeofacts.ch\/imgblog\/ArsDimicandi2.jpg\" border=\"0\" alt=\"Ars Dimicandi\" width=\"300\" height=\"220\" \/><br \/>\nThrace contre mirmillon (photo : Ars Dimicandi)<\/p>\n<p>Les deux compagnies, h\u00f4tes d\u2019honneur de la manifestation, sont renomm\u00e9es dans leurs domaines respectifs. L\u2019institut <a href=\"http:\/\/www.arsdimicandi.net\/\" target=\"_blank\">Ars Dimicandi <\/a>a \u00e9t\u00e9 cr\u00e9\u00e9 en 1994 \u00e0 Bergame, dans le but de reconstituer toutes les formes de combats telles qu\u2019elles se pr\u00e9sentaient dans le pass\u00e9, que \u00e7a soit sur les champs de batailles ou dans les ar\u00e8nes. Le d\u00e9tail de leurs activit\u00e9s se trouve pr\u00e9sent\u00e9 sur leur site internet, o\u00f9 l\u2019on peut \u00e9galement acc\u00e9der \u00e0 des d\u00e9monstrations de combat par l\u2019interm\u00e9diaire de vid\u00e9os, dont <a href=\"http:\/\/www.youtube.com\/watch?v=5eVRqB_zdbA&amp;feature=related\" target=\"_blank\">celle-ci<\/a>. Quant \u00e0 lui, le groupe <a href=\"http:\/\/www.musica-romana.de\/\" target=\"_blank\">Musica Romana <\/a>se destine, comme son nom l\u2019indique, \u00e0 restaurer et retrouver les sons et les musiques de l\u2019\u00e9poque romaine. Ainsi, depuis 2001, des arch\u00e9ologues, des historiens, des ethnologues, des musiciens et autres sp\u00e9cialistes int\u00e9ress\u00e9s se sont mis ensemble pour faire revivre, par l\u2019exp\u00e9rience, les m\u00e9lodies et les danses antiques. Un \u00e9chantillon de leur travail musical est accessible sur leur page\u00a0<a href=\"http:\/\/www.myspace.com\/mvsicaromana\" target=\"_blank\">MySpace<\/a>. Ces deux ensembles sont des dignes repr\u00e9sentants de l\u2019arch\u00e9ologie exp\u00e9rimentale. Alors si vous en avez l\u2019occasion, venez \u00e0 Augst pour cette r\u00e9union exceptionnelle. Sinon, attendez qu\u2019ils passent pr\u00e8s de chez vous, car l\u2019un et l\u2019autre groupe participent r\u00e9guli\u00e8rement \u00e0 d\u2019autres manifestations semblables, ailleurs en Europe.<\/p>\n<div id=\"fb_share_1\" style=\"float: right; margin-left: 10px;\"><a name=\"fb_share\" type=\"icon_link\" share_url=\"http:\/\/archeofacts.ch\/blog\/?p=195\" href=\"http:\/\/www.facebook.com\/sharer.php\">Share<\/a><\/div><div><script src=\"http:\/\/static.ak.fbcdn.net\/connect.php\/js\/FB.Share\" type=\"text\/javascript\"><\/script><\/div>","protected":false},"excerpt":{"rendered":"<p>La plus grande f\u00eate romaine de Suisse aura lieu ce week-end, les 30 et 31 ao\u00fbt, dans les vestiges de la colonie romaine d\u2019Augusta Raurica (Augst, B\u00e2le Campagne). Pour la treizi\u00e8me fois, les curieux du pass\u00e9 go\u00fbteront, le temps d\u2019un &hellip; <a href=\"http:\/\/archeofacts.ch\/blog\/?p=195\">Continue reading <span class=\"meta-nav\">&rarr;<\/span><\/a><\/p>\n","protected":false},"author":1,"featured_media":0,"comment_status":"open","ping_status":"open","sticky":false,"template":"","format":"standard","meta":[],"categories":[3,6,7,14],"tags":[],"_links":{"self":[{"href":"http:\/\/archeofacts.ch\/blog\/index.php?rest_route=\/wp\/v2\/posts\/195"}],"collection":[{"href":"http:\/\/archeofacts.ch\/blog\/index.php?rest_route=\/wp\/v2\/posts"}],"about":[{"href":"http:\/\/archeofacts.ch\/blog\/index.php?rest_route=\/wp\/v2\/types\/post"}],"author":[{"embeddable":true,"href":"http:\/\/archeofacts.ch\/blog\/index.php?rest_route=\/wp\/v2\/users\/1"}],"replies":[{"embeddable":true,"href":"http:\/\/archeofacts.ch\/blog\/index.php?rest_route=%2Fwp%2Fv2%2Fcomments&post=195"}],"version-history":[{"count":1,"href":"http:\/\/archeofacts.ch\/blog\/index.php?rest_route=\/wp\/v2\/posts\/195\/revisions"}],"predecessor-version":[{"id":588,"href":"http:\/\/archeofacts.ch\/blog\/index.php?rest_route=\/wp\/v2\/posts\/195\/revisions\/588"}],"wp:attachment":[{"href":"http:\/\/archeofacts.ch\/blog\/index.php?rest_route=%2Fwp%2Fv2%2Fmedia&parent=195"}],"wp:term":[{"taxonomy":"category","embeddable":true,"href":"http:\/\/archeofacts.ch\/blog\/index.php?rest_route=%2Fwp%2Fv2%2Fcategories&post=195"},{"taxonomy":"post_tag","embeddable":true,"href":"http:\/\/archeofacts.ch\/blog\/index.php?rest_route=%2Fwp%2Fv2%2Ftags&post=195"}],"curies":[{"name":"wp","href":"https:\/\/api.w.org\/{rel}","templated":true}]}}