{"id":39,"date":"2006-11-25T22:28:39","date_gmt":"2006-11-25T21:28:39","guid":{"rendered":"http:\/\/www.ceramostratigraphie.ch\/blog\/?p=8"},"modified":"2011-03-29T19:21:03","modified_gmt":"2011-03-29T19:21:03","slug":"europeana-un-vaste-puzzle-prochainement-en-ligne","status":"publish","type":"post","link":"http:\/\/archeofacts.ch\/blog\/?p=39","title":{"rendered":"Les travaux et les jours \u00e0 Nebra"},"content":{"rendered":"<p><span lang=\"FR-CH\"><span lang=\"FR-CH\">Actuellement se tient au <a href=\"http:\/\/www.hmb.ch\/de.html\" target=\"_blank\">Mus\u00e9e historique de B\u00e2le<\/a>, et jusqu\u2019au 29 janvier 2007, une exposition dont l\u2019\u00e9l\u00e9ment central est le disque de Nebra. Cet objet, ainsi que plusieurs autres, fut mis au jour en juillet 1999 \u00e0 l\u2019occasion d\u2019une fouille clandestine pratiqu\u00e9e sur la colline du Mittelberg \u00e0 quelques kilom\u00e8tres de la localit\u00e9 allemande de Nebra en Saxe-Anhalt. C\u2019est en cherchant \u00e0 le vendre sur le march\u00e9 des antiquit\u00e9s que, gr\u00e2ce \u00e0 une collaboration efficace entre des conservateurs de mus\u00e9e, auxquel on avait propos\u00e9 l\u2019achat de l\u2019objet, et la police, l\u2019objet fut s\u00e9questr\u00e9 et les receleurs appr\u00e9hend\u00e9s dans un h\u00f4tel de B\u00e2le lors d\u2019une op\u00e9ration sp\u00e9ciale en f\u00e9vrier 2002. Si les receleurs ont accept\u00e9s de venir en Suisse pour effectuer la transaction c\u2019est qu\u2019ils pensaient ne rien devoir craindre dans ce pays g\u00e9n\u00e9ralement connu dans le milieu pour \u00eatre assez laxiste en mati\u00e8re de trafic illicite d\u2019antiquit\u00e9s. Heureusement cet \u00e9tat de fait est en passe de changer, puisqu\u2019une nouvelle l\u00e9gislation a \u00e9t\u00e9 mise en place, pour laquelle l\u2019affaire du disque de Nebra a repr\u00e9sent\u00e9 un bon exemple pour faire adopter les changements.<\/span><\/span><\/p>\n<p><span lang=\"FR-CH\"><span lang=\"FR-CH\"><img decoding=\"async\" loading=\"lazy\" title=\"disque de Nebra\" src=\"http:\/\/www.archeofacts.ch\/imgblog\/nebra5.jpg\" alt=\"disque de Nebra\" width=\"300\" height=\"266\" \/> <\/span><\/span><\/p>\n<p><span lang=\"FR-CH\"><span lang=\"FR-CH\"><span lang=\"FR-CH\"><em>Le disque de Nebra apr\u00e8s restauration<\/em> <\/span><\/span><\/span><\/p>\n<p><span lang=\"FR-CH\"><span lang=\"FR-CH\"><span lang=\"FR-CH\"><br \/>\n<span lang=\"FR-CH\"><span lang=\"FR-CH\">Gr\u00e2ce aux objets avec lequel il \u00e9tait associ\u00e9, parmi lesquels des \u00e9p\u00e9es dont la chrono-typologie est bien connue, le disque en Bronze de Nebra a pu \u00eatre dat\u00e9 de la fin de l\u2019\u00e2ge de Bronze ancien, soit vers 1600 av. J.-C. Il p\u00e8se 2kg, fait environ 32cm de diam\u00e8tre et la patine verd\u00e2tre du bronze provient de son long enfouissement dans le sol. Les \u00e9l\u00e9ments d\u00e9coratifs appliqu\u00e9s sont en or. Ils consistent en un semis de 32 petits cercles, d\u2019un grand cercle, d\u2019un croissant et de deux arcs. Un troisi\u00e8me arc a disparu, mais son insertion demeure bien visible. L\u2019ensemble ne constitue pas une ornementation ordinaire. En effet, il forme une \u00e9tonnante figuration astronomique, mais surtout il repr\u00e9sente une sorte d\u2019almanach calendaire. Des corps c\u00e9lestes sont clairement identifiables comme le Soleil, un croissant de Lune et l\u2019amas ouvert des Pl\u00e9\u00efades, repr\u00e9sent\u00e9 par le regroupement de ses sept \u00e9toiles visibles \u00e0 l\u2019\u0153il nu. Les deux arcs p\u00e9riph\u00e9riques occupent chacun 82\u00b0 de la circonf\u00e9rence du disque. Cette valeur angulaire est celle que l\u2019on mesure sur l\u2019horizon \u00e0 la latitude de Nebra entre le point septentrional du lev\u00e9 et du couch\u00e9 du soleil au solstice d\u2019\u00e9t\u00e9 et le point m\u00e9ridional du lev\u00e9 et du couch\u00e9 du soleil au solstice d\u2019hiver. Les deux arcs p\u00e9riph\u00e9riques couvrent ainsi les deux segments de l\u2019horizon co\u00efncidant avec le lieu d\u2019apparition ou de disparition quotidien du soleil. Ainsi, en orientant l\u2019objet par rapport \u00e0 un rep\u00e8re fixe, qui aurait pu \u00eatre le mont Brocken, le plus haut sommet de la r\u00e9gion, distant de 80 km au nord-ouest du Mittleberg, il devait \u00eatre possible de conna\u00eetre le cours des saisons.<br \/>\n<\/span><span lang=\"FR-CH\"><span lang=\"FR-CH\">Tr\u00e8s int\u00e9ressante \u00e9galement la comparaison sugg\u00e9r\u00e9e par les sp\u00e9cialistes en charge de l\u2019\u00e9tude entre le petit arc de cercle et la barque du Soleil parcourant le ciel entre les deux horizons. En effet on trouve de telles figurations tant en Egypte, qu\u2019en Scandinavie. Cela pourrait donner un indice des croyances religieuses de l\u2019\u00e9poque.<br \/>\n<\/span><span lang=\"FR-CH\"><span lang=\"FR-CH\"><br \/>\n<\/span><span lang=\"FR-CH\">Si ces diff\u00e9rentes hypoth\u00e8ses se confirment, on aurait ainsi le t\u00e9moignage que pr\u00e8s de mille ans avant la r\u00e9daction des Travaux et des Jours par H\u00e9siode, une partie des connaissances induites et des mythes pr\u00e9sents dans ce texte \u00e9taient d\u00e9j\u00e0 bien vivaces, d\u00e8s l\u2019\u00e2ge du Bronze, dans les communaut\u00e9s agricoles de l\u2019Europe centrale.<\/span><\/span><\/span><\/span><\/span><\/span><\/span><\/p>\n<div id=\"fb_share_1\" style=\"float: right; margin-left: 10px;\"><a name=\"fb_share\" type=\"icon_link\" share_url=\"http:\/\/archeofacts.ch\/blog\/?p=39\" href=\"http:\/\/www.facebook.com\/sharer.php\">Share<\/a><\/div><div><script src=\"http:\/\/static.ak.fbcdn.net\/connect.php\/js\/FB.Share\" type=\"text\/javascript\"><\/script><\/div>","protected":false},"excerpt":{"rendered":"<p>Actuellement se tient au Mus\u00e9e historique de B\u00e2le, et jusqu\u2019au 29 janvier 2007, une exposition dont l\u2019\u00e9l\u00e9ment central est le disque de Nebra. Cet objet, ainsi que plusieurs autres, fut mis au jour en juillet 1999 \u00e0 l\u2019occasion d\u2019une fouille &hellip; <a href=\"http:\/\/archeofacts.ch\/blog\/?p=39\">Continue reading <span class=\"meta-nav\">&rarr;<\/span><\/a><\/p>\n","protected":false},"author":1,"featured_media":0,"comment_status":"open","ping_status":"open","sticky":false,"template":"","format":"standard","meta":[],"categories":[14],"tags":[],"_links":{"self":[{"href":"http:\/\/archeofacts.ch\/blog\/index.php?rest_route=\/wp\/v2\/posts\/39"}],"collection":[{"href":"http:\/\/archeofacts.ch\/blog\/index.php?rest_route=\/wp\/v2\/posts"}],"about":[{"href":"http:\/\/archeofacts.ch\/blog\/index.php?rest_route=\/wp\/v2\/types\/post"}],"author":[{"embeddable":true,"href":"http:\/\/archeofacts.ch\/blog\/index.php?rest_route=\/wp\/v2\/users\/1"}],"replies":[{"embeddable":true,"href":"http:\/\/archeofacts.ch\/blog\/index.php?rest_route=%2Fwp%2Fv2%2Fcomments&post=39"}],"version-history":[{"count":1,"href":"http:\/\/archeofacts.ch\/blog\/index.php?rest_route=\/wp\/v2\/posts\/39\/revisions"}],"predecessor-version":[{"id":389,"href":"http:\/\/archeofacts.ch\/blog\/index.php?rest_route=\/wp\/v2\/posts\/39\/revisions\/389"}],"wp:attachment":[{"href":"http:\/\/archeofacts.ch\/blog\/index.php?rest_route=%2Fwp%2Fv2%2Fmedia&parent=39"}],"wp:term":[{"taxonomy":"category","embeddable":true,"href":"http:\/\/archeofacts.ch\/blog\/index.php?rest_route=%2Fwp%2Fv2%2Fcategories&post=39"},{"taxonomy":"post_tag","embeddable":true,"href":"http:\/\/archeofacts.ch\/blog\/index.php?rest_route=%2Fwp%2Fv2%2Ftags&post=39"}],"curies":[{"name":"wp","href":"https:\/\/api.w.org\/{rel}","templated":true}]}}