{"id":50,"date":"2007-03-13T23:51:29","date_gmt":"2007-03-13T22:51:29","guid":{"rendered":"http:\/\/www.ceramostratigraphie.ch\/blog\/?p=50"},"modified":"2011-04-01T16:45:58","modified_gmt":"2011-04-01T16:45:58","slug":"merveilleuses-pyramides","status":"publish","type":"post","link":"http:\/\/archeofacts.ch\/blog\/?p=50","title":{"rendered":"L\u2019arch\u00e9ologie fran\u00e7aise manifeste"},"content":{"rendered":"<p><span style=\"font-size: 11pt; font-family: Arial;\">Demain, 14 mars, \u00e0 15h30, selon l\u2019annonce d\u2019un <a href=\"http:\/\/www.sud-culture.org\/expressions\/spip.php?article158\" target=\"_blank\">tract intersyndical<\/a>, tous les arch\u00e9ologues fran\u00e7ais sont invit\u00e9s \u00e0 Paris, au Palais-Royal, pour joindre leur voix aux manifestants provenant de divers d\u00e9partements du Minist\u00e8re de la Culture. Ils seront accompagn\u00e9s, en particulier, par les fonctionnaires de la Biblioth\u00e8que Nationale et les gardiens des grands mus\u00e9es. Ces derniers, pour appuyer leurs revendications ont m\u00eame cr\u00e9\u00e9 un <a href=\"http:\/\/lesgardiensdemuseesencolere.hautetfort.com\/\" target=\"_blank\">blog<\/a>. Ils demandent en premier lieu un rel\u00e8vement g\u00e9n\u00e9ral de leur salaire, compte tenu de l\u2019augmentation des prix et de la p\u00e9nibilit\u00e9 de leur travail aupr\u00e8s de la Joconde et d\u2019autres chefs-d\u2019\u0153uvre tr\u00e8s visit\u00e9s.<\/span><\/p>\n<p><span style=\"font-size: 11pt; font-family: Arial;\"><img decoding=\"async\" loading=\"lazy\" title=\"Colonne de Buren\" src=\"http:\/\/www.archeofacts.ch\/imgblog\/Buren3.jpg\" alt=\"Colonne de Buren\" width=\"300\" height=\"227\" \/><\/span><span style=\"font-size: 11pt; font-family: Arial;\"><span style=\"font-size: 11pt; font-family: Arial;\"><span style=\"font-size: 11pt; font-family: Arial;\"><span style=\"font-size: 11pt; font-family: Arial;\"><span style=\"font-size: 11pt; font-family: Arial;\"> <span style=\"font-size: 11pt; font-family: Arial;\"><span style=\"font-size: 11pt; font-family: Arial;\"><span style=\"font-size: 11pt; font-family: Arial;\"><span style=\"font-size: 11pt; font-family: Arial;\"> <\/span><\/span><\/span><\/span><\/span><span style=\"font-size: 11pt; font-family: Arial;\"><span style=\"font-size: 11pt; font-family: Arial;\"><span style=\"font-size: 11pt; font-family: Arial;\"><span style=\"font-size: 11pt; font-family: Arial;\"><span style=\"font-size: 11pt; font-family: Arial;\"><span style=\"font-size: 11pt; font-family: Arial;\"><\/span><\/span><\/span><\/span><\/span><\/span><\/span><\/span><span style=\"font-size: 11pt; font-family: Arial;\"><span style=\"font-size: 11pt; font-family: Arial;\"><span style=\"font-size: 11pt; font-family: Arial;\"><span style=\"font-size: 11pt; font-family: Arial;\"><span style=\"font-size: 11pt; font-family: Arial;\"><span style=\"font-size: 11pt; font-family: Arial;\"><span style=\"font-size: 11pt; font-family: Arial;\"><span style=\"font-size: 11pt; font-family: Arial;\"><span style=\"font-size: 11pt; font-family: Arial;\"><\/span><\/span><\/span><\/span><\/span><\/span><\/span><\/span><span style=\"font-size: 11pt; font-family: Arial;\"><span style=\"font-size: 11pt; font-family: Arial;\"><span style=\"font-size: 11pt; font-family: Arial;\"><span style=\"font-size: 11pt; font-family: Arial;\"><span style=\"font-size: 11pt; font-family: Arial;\"><span style=\"font-size: 11pt; font-family: Arial;\"><span style=\"font-size: 11pt; font-family: Arial;\"><span style=\"font-size: 11pt; font-family: Arial;\"><span style=\"font-size: 11pt; font-family: Arial;\"><\/span><\/span><\/span><\/span><\/span><\/span><\/span><\/span><\/span><\/span><\/span><\/span><\/p>\n<p class=\"MsoNormal\" style=\"margin: 0;\"><span style=\"font-size: 11pt; font-family: Arial;\"> <em>Les colonnes de Buren, lieu de rassemblement de la manifestation<\/em><\/span><\/p>\n<p><span style=\"font-size: 11pt; font-family: Arial;\"><span style=\"font-size: 11pt; font-family: Arial;\"><span style=\"font-size: 11pt; font-family: Arial;\"><span style=\"font-size: 11pt; font-family: Arial;\"><span style=\"font-size: 11pt; font-family: Arial;\"><span style=\"font-size: 11pt; font-family: Arial;\"><span style=\"font-size: 11pt; font-family: Arial;\"><span style=\"font-size: 11pt; font-family: Arial;\"><span style=\"font-size: 11pt; font-family: Arial;\"><span style=\"font-size: 11pt; font-family: Arial;\"><span style=\"font-size: 11pt; font-family: Arial;\"><span style=\"font-size: 11pt; font-family: Arial;\"><span style=\"font-size: 11pt; font-family: Arial;\"><span style=\"font-size: 11pt; font-family: Arial;\"><span style=\"font-size: 11pt; font-family: Arial;\"><span style=\"font-size: 11pt; font-family: Arial;\"><\/span><\/span><\/span><\/span><\/span><\/span><\/span><\/span><\/span><\/span><\/span><\/span><span style=\"font-size: 11pt; font-family: Arial;\"><span style=\"font-size: 11pt; font-family: Arial;\"><span style=\"font-size: 11pt; font-family: Arial;\"><span style=\"font-size: 11pt; font-family: Arial;\"><span style=\"font-size: 11pt; font-family: Arial;\"><span style=\"font-size: 11pt; font-family: Arial;\"><span style=\"font-size: 11pt; font-family: Arial;\"><span style=\"font-size: 11pt; font-family: Arial;\"><span style=\"font-size: 11pt; font-family: Arial;\"><span style=\"font-size: 11pt; font-family: Arial;\"><span style=\"font-size: 11pt; font-family: Arial;\"><span style=\"font-size: 11pt; font-family: Arial;\"><span style=\"font-size: 11pt; font-family: Arial;\"><\/span><\/span><\/span><\/span><\/span><\/span><\/span><\/span><\/span><\/span><\/span><\/span><span style=\"font-size: 11pt; font-family: Arial;\"><span style=\"font-size: 11pt; font-family: Arial;\"><span style=\"font-size: 11pt; font-family: Arial;\"><span style=\"font-size: 11pt; font-family: Arial;\"><span style=\"font-size: 11pt; font-family: Arial;\"><span style=\"font-size: 11pt; font-family: Arial;\"><span style=\"font-size: 11pt; font-family: Arial;\"><span style=\"font-size: 11pt; font-family: Arial;\"><span style=\"font-size: 11pt; font-family: Arial;\"><span style=\"font-size: 11pt; font-family: Arial;\"><span style=\"font-size: 11pt; font-family: Arial;\"><span style=\"font-size: 11pt; font-family: Arial;\"><span style=\"font-size: 11pt; font-family: Arial;\"><\/span><\/span><\/span><\/span><\/span><\/span><\/span><\/span><\/span><\/span><\/span><\/span><\/span><\/span><\/span><\/span><\/span><\/span><\/p>\n<p class=\"MsoNormal\" style=\"margin: 0;\"><span style=\"font-size: 11pt; font-family: Arial;\">Pour leur part, les arch\u00e9ologues vont se plaindre de leur sous-effectif end\u00e9mique dans de nombreuses r\u00e9gions face \u00e0 l\u2019ampleur des t\u00e2ches \u00e0 accomplir. La loi sur l\u2019arch\u00e9ologie pr\u00e9ventive, devait leur donner les moyens de le r\u00e9sorber. Las, la r\u00e9duction des \u00e9moluments vers\u00e9s par les am\u00e9nageurs, le plafonnement des effectifs, l\u2019ouverture \u00e0 la concurrence et les pressions exerc\u00e9es sur les cadres des services r\u00e9gionaux de l\u2019arch\u00e9ologie pour qu\u2019ils limitent leurs prescriptions de fouilles et laissent d\u00e9truire de nombreux sites arch\u00e9ologiques, ont cr\u00e9\u00e9s des conditions o\u00f9 la recherche arch\u00e9ologique n\u2019y trouve pas sont compte. Cette manifestation des agents de la Culture pourrait d\u00e9boucher, comme souvent en France, sur une gr\u00e8ve. Gageons cependant, qu\u2019une gr\u00e8ve dans ce secteur \u00e0 moins d\u2019impact que celle des \u00e9boueurs.<\/span><\/p>\n<div id=\"fb_share_1\" style=\"float: right; margin-left: 10px;\"><a name=\"fb_share\" type=\"icon_link\" share_url=\"http:\/\/archeofacts.ch\/blog\/?p=50\" href=\"http:\/\/www.facebook.com\/sharer.php\">Share<\/a><\/div><div><script src=\"http:\/\/static.ak.fbcdn.net\/connect.php\/js\/FB.Share\" type=\"text\/javascript\"><\/script><\/div>","protected":false},"excerpt":{"rendered":"<p>Demain, 14 mars, \u00e0 15h30, selon l\u2019annonce d\u2019un tract intersyndical, tous les arch\u00e9ologues fran\u00e7ais sont invit\u00e9s \u00e0 Paris, au Palais-Royal, pour joindre leur voix aux manifestants provenant de divers d\u00e9partements du Minist\u00e8re de la Culture. Ils seront accompagn\u00e9s, en particulier, &hellip; <a href=\"http:\/\/archeofacts.ch\/blog\/?p=50\">Continue reading <span class=\"meta-nav\">&rarr;<\/span><\/a><\/p>\n","protected":false},"author":1,"featured_media":0,"comment_status":"open","ping_status":"open","sticky":false,"template":"","format":"standard","meta":[],"categories":[22,16],"tags":[],"_links":{"self":[{"href":"http:\/\/archeofacts.ch\/blog\/index.php?rest_route=\/wp\/v2\/posts\/50"}],"collection":[{"href":"http:\/\/archeofacts.ch\/blog\/index.php?rest_route=\/wp\/v2\/posts"}],"about":[{"href":"http:\/\/archeofacts.ch\/blog\/index.php?rest_route=\/wp\/v2\/types\/post"}],"author":[{"embeddable":true,"href":"http:\/\/archeofacts.ch\/blog\/index.php?rest_route=\/wp\/v2\/users\/1"}],"replies":[{"embeddable":true,"href":"http:\/\/archeofacts.ch\/blog\/index.php?rest_route=%2Fwp%2Fv2%2Fcomments&post=50"}],"version-history":[{"count":1,"href":"http:\/\/archeofacts.ch\/blog\/index.php?rest_route=\/wp\/v2\/posts\/50\/revisions"}],"predecessor-version":[{"id":432,"href":"http:\/\/archeofacts.ch\/blog\/index.php?rest_route=\/wp\/v2\/posts\/50\/revisions\/432"}],"wp:attachment":[{"href":"http:\/\/archeofacts.ch\/blog\/index.php?rest_route=%2Fwp%2Fv2%2Fmedia&parent=50"}],"wp:term":[{"taxonomy":"category","embeddable":true,"href":"http:\/\/archeofacts.ch\/blog\/index.php?rest_route=%2Fwp%2Fv2%2Fcategories&post=50"},{"taxonomy":"post_tag","embeddable":true,"href":"http:\/\/archeofacts.ch\/blog\/index.php?rest_route=%2Fwp%2Fv2%2Ftags&post=50"}],"curies":[{"name":"wp","href":"https:\/\/api.w.org\/{rel}","templated":true}]}}