{"id":52,"date":"2007-03-26T23:54:19","date_gmt":"2007-03-26T22:54:19","guid":{"rendered":"http:\/\/www.ceramostratigraphie.ch\/blog\/?p=52"},"modified":"2011-04-01T16:44:37","modified_gmt":"2011-04-01T16:44:37","slug":"l%e2%80%99europe-contre-le-creationnisme","status":"publish","type":"post","link":"http:\/\/archeofacts.ch\/blog\/?p=52","title":{"rendered":"L\u2019appel de Nouakchott"},"content":{"rendered":"<p>Au d\u00e9but du mois de f\u00e9vrier s\u2019est tenu \u00e0 Nouakchott, en Mauritanie, un colloque sur les perspectives de l\u2019Arch\u00e9ologie pr\u00e9ventive en Afrique de l\u2019Ouest. Organis\u00e9 par l\u2019Institut mauritanien de recherches scientifiques (I<a href=\"http:\/\/www.patrimoine-maghreb.info\/article.php3?id_article=1\" target=\"_blank\">MRS<\/a>), et l\u2019Institut national de recherches arch\u00e9ologiques pr\u00e9ventives (<a href=\"http:\/\/www.inrap.fr\/site\/fr\/page.php?id=32&amp;p=Accueil%20FR&amp;r=\" target=\"_blank\">INRAP<\/a>) en pr\u00e9sence d\u2019un repr\u00e9sentant de l\u2019Unesco, cette r\u00e9union ayant rassembl\u00e9 plusieurs dizaines de chercheurs europ\u00e9ens et africains s\u2019est attach\u00e9e \u00e0 d\u00e9finir les moyens de mettre en place une v\u00e9ritable politique de protection du patrimoine arch\u00e9ologique africain. A l\u2019issue de cette r\u00e9union, les participants ont lanc\u00e9 \u00ab l\u2019appel de Nouakchott \u00bb pour que le patrimoine africain enfoui puisse b\u00e9n\u00e9ficier d\u2019une charte de protection internationale, \u00e0 l\u2019instar de la convention de Malte qui r\u00e8gle en Europe les rapports entre l\u2019arch\u00e9ologie pr\u00e9ventive et l\u2019am\u00e9nagement du territoire.<\/p>\n<p><img decoding=\"async\" loading=\"lazy\" title=\"Artefacts du Mali\" src=\"http:\/\/www.archeofacts.ch\/imgblog\/Afrique3.jpg\" alt=\"Artefacts du Mali\" width=\"300\" height=\"197\" \/><\/p>\n<p><em>Une partie des art\u00e9facts maliens saisis par les douaniers fran\u00e7ais<\/em><\/p>\n<p>S\u2019il existe bien des lois nationales qui prot\u00e8gent le patrimoine des pays de l\u2019ouest africain, il est souvent difficile de les faire appliquer, surtout dans des \u00e9tats en mal de d\u00e9veloppement lorsque des int\u00e9r\u00eats \u00e9conomiques pr\u00e9pond\u00e9rants sont en jeu.  Ainsi, c\u2019est d\u2019abord \u00e0 la sensibilisation des grandes soci\u00e9t\u00e9s multinationales, du p\u00e9trole et des produits miniers, actives dans la r\u00e9gion que l\u2019appel est avant tout destin\u00e9, afin qu\u2019elles n\u2019oublient pas dans leurs entreprises r\u00e9gionales leur responsabilit\u00e9 vis-\u00e0-vis du patrimoine culturel. Mais il faut \u00e9galement que cet appel \u00e0 l\u2019aide soit entendu par les populations locales qui pour quelques devises sont pr\u00eates \u00e0 brader leurs vestiges arch\u00e9ologiques en pratiquant des fouilles clandestines de grande ampleur pour alimenter un trafic des antiquit\u00e9s en pleine expansion. Ainsi r\u00e9cemment, la <a href=\"http:\/\/www.douane.gouv.fr\/page.asp?id=3284\" target=\"_blank\">douane fran\u00e7aise<\/a> a appr\u00e9hend\u00e9 sur l\u2019a\u00e9roport de Roissy un v\u00e9ritable tr\u00e9sor d\u2019art\u00e9facts pr\u00e9historiques provenant du Mali et destin\u00e9 au march\u00e9 \u00e9tasunien. Il reste donc beaucoup \u00e0 faire dans le domaine de la protection du patrimoine africain et souhaitons que le message de nos coll\u00e8gues soit entendu par toutes les parties en cause. Le 11 avril, l\u2019\u00e9mission de radio \u00ab <a href=\"http:\/\/www.radiofrance.fr\/chaines\/france-culture2\/emissions\/salon_noir\/fiche.php?diffusion_id=50167&amp;pg=avenir\" target=\"_blank\">le salon noir<\/a> \u00bb de France Culture t\u00e2chera de donner un \u00e9cho suppl\u00e9mentaire \u00e0 cet appel.<\/p>\n<div id=\"fb_share_1\" style=\"float: right; margin-left: 10px;\"><a name=\"fb_share\" type=\"icon_link\" share_url=\"http:\/\/archeofacts.ch\/blog\/?p=52\" href=\"http:\/\/www.facebook.com\/sharer.php\">Share<\/a><\/div><div><script src=\"http:\/\/static.ak.fbcdn.net\/connect.php\/js\/FB.Share\" type=\"text\/javascript\"><\/script><\/div>","protected":false},"excerpt":{"rendered":"<p>Au d\u00e9but du mois de f\u00e9vrier s\u2019est tenu \u00e0 Nouakchott, en Mauritanie, un colloque sur les perspectives de l\u2019Arch\u00e9ologie pr\u00e9ventive en Afrique de l\u2019Ouest. Organis\u00e9 par l\u2019Institut mauritanien de recherches scientifiques (IMRS), et l\u2019Institut national de recherches arch\u00e9ologiques pr\u00e9ventives (INRAP) &hellip; <a href=\"http:\/\/archeofacts.ch\/blog\/?p=52\">Continue reading <span class=\"meta-nav\">&rarr;<\/span><\/a><\/p>\n","protected":false},"author":1,"featured_media":0,"comment_status":"open","ping_status":"open","sticky":false,"template":"","format":"standard","meta":[],"categories":[23,16],"tags":[],"_links":{"self":[{"href":"http:\/\/archeofacts.ch\/blog\/index.php?rest_route=\/wp\/v2\/posts\/52"}],"collection":[{"href":"http:\/\/archeofacts.ch\/blog\/index.php?rest_route=\/wp\/v2\/posts"}],"about":[{"href":"http:\/\/archeofacts.ch\/blog\/index.php?rest_route=\/wp\/v2\/types\/post"}],"author":[{"embeddable":true,"href":"http:\/\/archeofacts.ch\/blog\/index.php?rest_route=\/wp\/v2\/users\/1"}],"replies":[{"embeddable":true,"href":"http:\/\/archeofacts.ch\/blog\/index.php?rest_route=%2Fwp%2Fv2%2Fcomments&post=52"}],"version-history":[{"count":1,"href":"http:\/\/archeofacts.ch\/blog\/index.php?rest_route=\/wp\/v2\/posts\/52\/revisions"}],"predecessor-version":[{"id":430,"href":"http:\/\/archeofacts.ch\/blog\/index.php?rest_route=\/wp\/v2\/posts\/52\/revisions\/430"}],"wp:attachment":[{"href":"http:\/\/archeofacts.ch\/blog\/index.php?rest_route=%2Fwp%2Fv2%2Fmedia&parent=52"}],"wp:term":[{"taxonomy":"category","embeddable":true,"href":"http:\/\/archeofacts.ch\/blog\/index.php?rest_route=%2Fwp%2Fv2%2Fcategories&post=52"},{"taxonomy":"post_tag","embeddable":true,"href":"http:\/\/archeofacts.ch\/blog\/index.php?rest_route=%2Fwp%2Fv2%2Ftags&post=52"}],"curies":[{"name":"wp","href":"https:\/\/api.w.org\/{rel}","templated":true}]}}