{"id":855,"date":"2011-09-08T15:57:51","date_gmt":"2011-09-08T15:57:51","guid":{"rendered":"http:\/\/archeofacts.ch\/blog\/?p=855"},"modified":"2011-09-08T16:29:19","modified_gmt":"2011-09-08T16:29:19","slug":"horizons-2015-et-medias-sociaux","status":"publish","type":"post","link":"http:\/\/archeofacts.ch\/blog\/?p=855","title":{"rendered":"Horizons 2015 et m\u00e9dias sociaux"},"content":{"rendered":"<p>Le <a href=\"http:\/\/archeofacts.ch\/blog\/?p=260\">concours d\u2019id\u00e9es<\/a> lanc\u00e9s par le projet Horizons 2015 l\u2019ann\u00e9e derni\u00e8re a r\u00e9colt\u00e9 une trentaine de contributions. L\u2019assembl\u00e9e des d\u00e9l\u00e9gu\u00e9s a r\u00e9parti ce printemps ces contributions en quatre th\u00e9matiques dont on trouve les particularit\u00e9s dans la page \u00ab <a href=\"http:\/\/www.horizont2015.ch\/2622\/46654.html\" target=\"_blank\">actualit\u00e9<\/a> \u00bb du site internet de l\u2019association. Entre le 31 ao\u00fbt et le 7 septembre, trois groupes de travail se sont form\u00e9s pour aborder l\u2019une ou l\u2019autre de ces th\u00e9matiques. Pour ma part je me suis retrouv\u00e9 dans le groupe de travail d\u00e9nomm\u00e9 \u00ab Nouvelles technologies &#8211; m\u00e9dias \u00bb qui s\u2019est r\u00e9uni le 31 ao\u00fbt \u00e0 Fribourg dans la salle de conf\u00e9rence du Service arch\u00e9ologique cantonal. Cinq des participants au concours d\u2019id\u00e9es \u00e9taient pr\u00e9sents \u00e0 cette s\u00e9ance conduite par Georg Matter, membre de l\u2019association fa\u00eeti\u00e8re d\u2019Horizons 2015, et l\u2019un des directeurs de l\u2019entreprise <a href=\"http:\/\/www.pro-spect.ch\/\" target=\"_blank\">ProSpect<\/a>, l\u2019une des rares entreprises priv\u00e9es active dans le domaine de l\u2019arch\u00e9ologie. Apr\u00e8s un rapide tour de table des diff\u00e9rentes id\u00e9es propos\u00e9es, il fut convenu que la prochaine \u00e9tape de ce groupe de travail serait de faire une \u00e9valuation de tout ce qui existe d\u00e9j\u00e0 en mati\u00e8re de communication arch\u00e9ologique en Suisse et, dans une seconde temps, de se demander ce que l\u2019on pourrait faire de mieux pour am\u00e9liorer la situation.<br \/>\n<a href=\"http:\/\/archeofacts.ch\/blog\/wp-content\/uploads\/2011\/09\/Reseau.jpg\"><img decoding=\"async\" loading=\"lazy\" class=\"alignnone size-medium wp-image-859\" title=\"Reseau\" src=\"http:\/\/archeofacts.ch\/blog\/wp-content\/uploads\/2011\/09\/Reseau-300x226.jpg\" alt=\"\" width=\"300\" height=\"226\" srcset=\"http:\/\/archeofacts.ch\/blog\/wp-content\/uploads\/2011\/09\/Reseau-300x226.jpg 300w, http:\/\/archeofacts.ch\/blog\/wp-content\/uploads\/2011\/09\/Reseau.jpg 452w\" sizes=\"(max-width: 300px) 100vw, 300px\" \/><\/a><br \/>\nExemple d\u2019un r\u00e9seau arch\u00e9ologique organis\u00e9<\/p>\n<p>En premi\u00e8re analyse, ce qu\u2019il semble manquer \u00e0 l\u2019arch\u00e9ologie suisse, c\u2019est une v\u00e9ritable communaut\u00e9 d\u2019int\u00e9r\u00eat. Qu\u2019il s\u2019agisse des services cantonaux ou des universit\u00e9s on constate que chacun reste cloisonn\u00e9 dans son cadre institutionnel et ses fronti\u00e8res cantonales. Il manque aux arch\u00e9ologues une r\u00e9elle plateforme commune qui permettrait aux professionnels de communiquer entre eux et de s\u2019adresser en m\u00eame temps au grand public. Le site internet actuel d\u2019Horizon 2015 ne va pas \u00e0 l\u2019encontre de cette impression, au vu de l\u2019absence de discussion dans son forum. Il nous manque en somme une v\u00e9ritable utilisation des m\u00e9dias sociaux pour former une solide communaut\u00e9 en ligne, soit d\u2019avoir un ou des \u00abcommunity manager\u00bb pour organiser et g\u00e9rer un vrai r\u00e9seau social avec toutes les parties concern\u00e9es. Est-ce que notre attachement au pass\u00e9 nous emp\u00eache d\u2019utiliser les moyens du pr\u00e9sent pour nous projeter dans l\u2019avenir ? Ou n\u2019est-ce qu\u2019un simple probl\u00e8me de g\u00e9n\u00e9ration ? Je laisse \u00e0 chacun le soin de r\u00e9pondre \u00e0 cette question: Que pouvons-nous faire ? et de faire \u00e9tat, ici ou ailleurs, de sa ou de ses solution(s). Pour ma part, en tant que responsable nouvellement d\u00e9sign\u00e9 du groupe de travail \u00ab Nouvelles technologies et m\u00e9dias sociaux\u00bb, je vais poursuivre ce blog, point de d\u00e9part de mes r\u00e9flexions. De plus, \u00e0 titre personnel, je m\u2019appr\u00eate \u00e0 suivre une formation de sp\u00e9cialiste en m\u00e9dias sociaux et communaut\u00e9s en ligne qui me donnera les moyens, je l\u2019esp\u00e8re, de sortir mon horizon 2015 de l\u2019orni\u00e8re.<\/p>\n<div id=\"fb_share_1\" style=\"float: right; margin-left: 10px;\"><a name=\"fb_share\" type=\"icon_link\" share_url=\"http:\/\/archeofacts.ch\/blog\/?p=855\" href=\"http:\/\/www.facebook.com\/sharer.php\">Share<\/a><\/div><div><script src=\"http:\/\/static.ak.fbcdn.net\/connect.php\/js\/FB.Share\" type=\"text\/javascript\"><\/script><\/div>","protected":false},"excerpt":{"rendered":"<p>Le concours d\u2019id\u00e9es lanc\u00e9s par le projet Horizons 2015 l\u2019ann\u00e9e derni\u00e8re a r\u00e9colt\u00e9 une trentaine de contributions. L\u2019assembl\u00e9e des d\u00e9l\u00e9gu\u00e9s a r\u00e9parti ce printemps ces contributions en quatre th\u00e9matiques dont on trouve les particularit\u00e9s dans la page \u00ab actualit\u00e9 \u00bb &hellip; <a href=\"http:\/\/archeofacts.ch\/blog\/?p=855\">Continue reading <span class=\"meta-nav\">&rarr;<\/span><\/a><\/p>\n","protected":false},"author":1,"featured_media":0,"comment_status":"open","ping_status":"open","sticky":false,"template":"","format":"standard","meta":[],"categories":[16,21],"tags":[],"_links":{"self":[{"href":"http:\/\/archeofacts.ch\/blog\/index.php?rest_route=\/wp\/v2\/posts\/855"}],"collection":[{"href":"http:\/\/archeofacts.ch\/blog\/index.php?rest_route=\/wp\/v2\/posts"}],"about":[{"href":"http:\/\/archeofacts.ch\/blog\/index.php?rest_route=\/wp\/v2\/types\/post"}],"author":[{"embeddable":true,"href":"http:\/\/archeofacts.ch\/blog\/index.php?rest_route=\/wp\/v2\/users\/1"}],"replies":[{"embeddable":true,"href":"http:\/\/archeofacts.ch\/blog\/index.php?rest_route=%2Fwp%2Fv2%2Fcomments&post=855"}],"version-history":[{"count":6,"href":"http:\/\/archeofacts.ch\/blog\/index.php?rest_route=\/wp\/v2\/posts\/855\/revisions"}],"predecessor-version":[{"id":863,"href":"http:\/\/archeofacts.ch\/blog\/index.php?rest_route=\/wp\/v2\/posts\/855\/revisions\/863"}],"wp:attachment":[{"href":"http:\/\/archeofacts.ch\/blog\/index.php?rest_route=%2Fwp%2Fv2%2Fmedia&parent=855"}],"wp:term":[{"taxonomy":"category","embeddable":true,"href":"http:\/\/archeofacts.ch\/blog\/index.php?rest_route=%2Fwp%2Fv2%2Fcategories&post=855"},{"taxonomy":"post_tag","embeddable":true,"href":"http:\/\/archeofacts.ch\/blog\/index.php?rest_route=%2Fwp%2Fv2%2Ftags&post=855"}],"curies":[{"name":"wp","href":"https:\/\/api.w.org\/{rel}","templated":true}]}}