{"id":95,"date":"2007-08-17T09:55:44","date_gmt":"2007-08-17T08:55:44","guid":{"rendered":"http:\/\/www.ceramostratigraphie.ch\/blog\/?p=95"},"modified":"2011-04-01T17:20:28","modified_gmt":"2011-04-01T17:20:28","slug":"la-teledetection-au-service-de-l%e2%80%99archeologie","status":"publish","type":"post","link":"http:\/\/archeofacts.ch\/blog\/?p=95","title":{"rendered":"Arch\u00e9ologie et \u00e9cologie, m\u00eame combat!"},"content":{"rendered":"<p>Alors que l\u2019office f\u00e9d\u00e9ral de l\u2019environnement planche sur diff\u00e9rents <a href=\"http:\/\/www.news.admin.ch\/message\/?lang=fr&amp;msg-id=14077\" target=\"_blank\">imp\u00f4ts \u00e9cologiques<\/a>, dont une taxe d\u2019incitation sur le CO2, rien pour l\u2019instant n\u2019a \u00e9t\u00e9 envisag\u00e9 pour faire payer aux b\u00e9tonneurs le juste prix des destructions qu\u2019ils occasionnent au patrimoine culturel. Parmi les mesures \u00e0 envisager, nous pourrions, \u00e0 l\u2019exemple de la France, demander l\u2019introduction d\u2019une <a href=\"http:\/\/www.legifrance.gouv.fr\/WAspad\/UnTexteDeJorf?numjo=MCCL0760647A\" target=\"_blank\">redevance d\u2019arch\u00e9ologie pr\u00e9ventive<\/a>. L\u2019assiette de cette derni\u00e8re a \u00e9t\u00e9 red\u00e9finie le 12 juillet 2007 et a \u00e9t\u00e9 fix\u00e9e \u00e0 0,38 euro par m\u00e8tre carr\u00e9 durant l\u2019ann\u00e9e \u00e0 venir. Si nous disposions d\u2019une telle redevance en Suisse, compte tenu des 2700 hectares de terrain construits annuellement, ce serait environ 16 millions de francs qui pourraient \u00eatre allou\u00e9 \u00e0 la d\u00e9couverte et \u00e0 la conservation de notre pass\u00e9 directement menac\u00e9 par les nouvelles constructions.<\/p>\n<p><img decoding=\"async\" loading=\"lazy\" title=\"Sondages SAP\" src=\"http:\/\/www.archeofacts.ch\/imgblog\/Sondages3.jpg\" alt=\"Sondages SAP\" width=\"300\" height=\"183\" \/><\/p>\n<p><span><em>Sondages arch\u00e9ologiques sur la Transjurane (photo: <a href=\"http:\/\/w3.jura.ch\/services\/oph\/sar\/Sciences_associees\/Sondages\/Sondages-Photos.htm\" target=\"_blank\">SAP<\/a>)<\/em> <\/span><\/p>\n<p><span> <\/span><\/p>\n<p>A d\u00e9faut de pouvoir introduire une telle redevance dans notre pays, l\u2019organisation <a href=\"http:\/\/www.sguf.ch\/fr\/index.htm\" target=\"_blank\">Arch\u00e9ologie suisse<\/a> est en passe de cr\u00e9\u00e9 une commission \u00ab <a href=\"http:\/\/www.sguf.ch\/fr\/raumplanung.htm\" target=\"_blank\">Arch\u00e9ologie et am\u00e9nagement du territoire<\/a> \u00bb qui devrait veiller \u00e0 ce qu\u2019une partie au moins des engagements pris par la Conf\u00e9d\u00e9ration en ratifiant la <a href=\"http:\/\/www.admin.ch\/ch\/f\/rs\/0_440_5\/index.html\" target=\"_blank\">Convention de Malte<\/a>, puisse \u00eatre tenu, \u00e0 savoir <a href=\"http:\/\/www.admin.ch\/ch\/f\/rs\/0_440_5\/a5.html\" target=\"_blank\">l\u2019int\u00e9gration de l\u2019arch\u00e9ologie<\/a> dans l\u2019am\u00e9nagement du territoire et les \u00e9tudes d\u2019impacts sur l\u2019environnement.<br \/>\nLe patrimoine arch\u00e9ologique encore enfoui, tout comme les ressources naturelles, n\u2019est pas in\u00e9puisable. C\u2019est un devoir de soci\u00e9t\u00e9 que de le m\u00e9nager et de se donner les moyens, le cas \u00e9ch\u00e9ant, de le sauvegarder.<\/p>\n<div id=\"fb_share_1\" style=\"float: right; margin-left: 10px;\"><a name=\"fb_share\" type=\"icon_link\" share_url=\"http:\/\/archeofacts.ch\/blog\/?p=95\" href=\"http:\/\/www.facebook.com\/sharer.php\">Share<\/a><\/div><div><script src=\"http:\/\/static.ak.fbcdn.net\/connect.php\/js\/FB.Share\" type=\"text\/javascript\"><\/script><\/div>","protected":false},"excerpt":{"rendered":"<p>Alors que l\u2019office f\u00e9d\u00e9ral de l\u2019environnement planche sur diff\u00e9rents imp\u00f4ts \u00e9cologiques, dont une taxe d\u2019incitation sur le CO2, rien pour l\u2019instant n\u2019a \u00e9t\u00e9 envisag\u00e9 pour faire payer aux b\u00e9tonneurs le juste prix des destructions qu\u2019ils occasionnent au patrimoine culturel. Parmi &hellip; <a href=\"http:\/\/archeofacts.ch\/blog\/?p=95\">Continue reading <span class=\"meta-nav\">&rarr;<\/span><\/a><\/p>\n","protected":false},"author":1,"featured_media":0,"comment_status":"open","ping_status":"open","sticky":false,"template":"","format":"standard","meta":[],"categories":[16,21],"tags":[],"_links":{"self":[{"href":"http:\/\/archeofacts.ch\/blog\/index.php?rest_route=\/wp\/v2\/posts\/95"}],"collection":[{"href":"http:\/\/archeofacts.ch\/blog\/index.php?rest_route=\/wp\/v2\/posts"}],"about":[{"href":"http:\/\/archeofacts.ch\/blog\/index.php?rest_route=\/wp\/v2\/types\/post"}],"author":[{"embeddable":true,"href":"http:\/\/archeofacts.ch\/blog\/index.php?rest_route=\/wp\/v2\/users\/1"}],"replies":[{"embeddable":true,"href":"http:\/\/archeofacts.ch\/blog\/index.php?rest_route=%2Fwp%2Fv2%2Fcomments&post=95"}],"version-history":[{"count":1,"href":"http:\/\/archeofacts.ch\/blog\/index.php?rest_route=\/wp\/v2\/posts\/95\/revisions"}],"predecessor-version":[{"id":484,"href":"http:\/\/archeofacts.ch\/blog\/index.php?rest_route=\/wp\/v2\/posts\/95\/revisions\/484"}],"wp:attachment":[{"href":"http:\/\/archeofacts.ch\/blog\/index.php?rest_route=%2Fwp%2Fv2%2Fmedia&parent=95"}],"wp:term":[{"taxonomy":"category","embeddable":true,"href":"http:\/\/archeofacts.ch\/blog\/index.php?rest_route=%2Fwp%2Fv2%2Fcategories&post=95"},{"taxonomy":"post_tag","embeddable":true,"href":"http:\/\/archeofacts.ch\/blog\/index.php?rest_route=%2Fwp%2Fv2%2Ftags&post=95"}],"curies":[{"name":"wp","href":"https:\/\/api.w.org\/{rel}","templated":true}]}}