{"id":98,"date":"2007-08-24T10:00:20","date_gmt":"2007-08-24T09:00:20","guid":{"rendered":"http:\/\/www.ceramostratigraphie.ch\/blog\/?p=98"},"modified":"2011-04-01T17:22:05","modified_gmt":"2011-04-01T17:22:05","slug":"accord-de-paix-a-karnak","status":"publish","type":"post","link":"http:\/\/archeofacts.ch\/blog\/?p=98","title":{"rendered":"P\u00e9tition pour les st\u00e8les de Sion"},"content":{"rendered":"<p>S\u2019il existe un complexe m\u00e9galithique de r\u00e9f\u00e9rence en Suisse c\u2019est bien celui des monuments et des st\u00e8les anthropomorphes du <a href=\"http:\/\/www.vs.ch\/encyclo\/navig.asp?mnu=know&amp;idRubrique=993&amp;idLangue=1\" target=\"_blank\">site du Petit-Chasseur<\/a> \u00e0 Sion. Ces derni\u00e8res se pr\u00e9sentent sous la forme de dalles de schiste plus ou moins soigneusement taill\u00e9es et grav\u00e9es en forme de figures d\u2019anc\u00eatres. Depuis 1976, les plus remarquables d\u2019entre-elles ont trouv\u00e9 place dans un cadre sp\u00e9cialement adapt\u00e9 \u00e0 leur pr\u00e9sentation au grand public, celui de la Grange-\u00e0-l\u2019Ev\u00eaque transform\u00e9e d\u00e8s lors en Mus\u00e9e d\u2019arch\u00e9ologie reconnu loin \u00e0 la ronde. Pour se convaincre, si besoin \u00e9tait, de l\u2019importance exceptionnelle de ce t\u00e9moignage pour notre h\u00e9ritage culturel, il suffit de lire la synth\u00e8se du professeur <a href=\"http:\/\/ppur.epfl.ch\/auteurs\/LSS1000970.html\" target=\"_blank\">Alain Gallay<\/a> sur <a href=\"http:\/\/ppur.epfl.ch\/livres\/2-88074-707-4.html\" target=\"_blank\">les soci\u00e9t\u00e9s m\u00e9galithiques<\/a> dans la collection \u00ab<a href=\"http:\/\/ppur.epfl.ch\/LSSwelcome.html\" target=\"_blank\">Le Savoir Suisse<\/a>\u00bb. Pourtant, trente ans plus tard, dans le cadre de la future restructuration des <a href=\"http:\/\/www.vs.ch\/Navig\/navig.asp?MenuID=2469\" target=\"_blank\">six mus\u00e9es cantonaux du Valais<\/a> la fermeture de cet espace d\u2019exposition est tr\u00e8s s\u00e9rieusement envisag\u00e9e.<\/p>\n<p><img decoding=\"async\" loading=\"lazy\" title=\"Les st\u00e8les du Petit-Chasseur\" src=\"http:\/\/www.archeofacts.ch\/imgblog\/Valais3.jpg\" alt=\"Les st\u00e8les du Petit-Chasseur\" width=\"300\" height=\"225\" \/><\/p>\n<p><em>Exposition actuelle des st\u00e8les du Petit-Chasseur (photo: AVA)<\/em><\/p>\n<p>Or, comme le dit l\u2019adage : \u00abloin des yeux, loin du c\u0153ur\u00bb. L\u2019association valaisanne d\u2019Arch\u00e9ologie (AVA) craint que ce magnifique h\u00e9ritage ne puisse tomber dans l\u2019oubli au terme de la restructuration en pr\u00e9paration. En effet, dans le projet du futur Mus\u00e9e d\u2019histoire culturelle du Valais, une seule des 29 st\u00e8les et un tiers seulement des pi\u00e8ces arch\u00e9ologiques actuellement expos\u00e9es devraient y trouver leur place. Pour \u00e9viter cela, elle a lanc\u00e9 il y a quelques mois une p\u00e9tition \u00ab <a href=\"http:\/\/www.ceramostratigraphie.ch\/museumvs\/default.html\" target=\"_blank\">pour une pr\u00e9sentation des collections arch\u00e9ologiques valaisannes en accord avec leur valeur patrimoniale<\/a> \u00bb. La p\u00e9tition, que l\u2019on peut \u00e9galement soutenir en ligne depuis quelques jours, demande qu\u2019une \u00e9tude s\u00e9rieuse sur la pr\u00e9sentation permanente des collections d\u2019arch\u00e9ologie du Valais soit r\u00e9alis\u00e9e et que les st\u00e8les soient maintenues \u00e0 leur place actuelle tant qu\u2019un projet de remplacement acceptable n\u2019est pas r\u00e9alis\u00e9. D\u2019ici le 31 octobre 2007 l\u2019AVA souhaite r\u00e9unir assez de signatures venues du monde entier pour infl\u00e9chir le c\u0153ur, que l\u2019on ne souhaite pas de pierre, des autorit\u00e9s cantonales.<\/p>\n<div id=\"fb_share_1\" style=\"float: right; margin-left: 10px;\"><a name=\"fb_share\" type=\"icon_link\" share_url=\"http:\/\/archeofacts.ch\/blog\/?p=98\" href=\"http:\/\/www.facebook.com\/sharer.php\">Share<\/a><\/div><div><script src=\"http:\/\/static.ak.fbcdn.net\/connect.php\/js\/FB.Share\" type=\"text\/javascript\"><\/script><\/div>","protected":false},"excerpt":{"rendered":"<p>S\u2019il existe un complexe m\u00e9galithique de r\u00e9f\u00e9rence en Suisse c\u2019est bien celui des monuments et des st\u00e8les anthropomorphes du site du Petit-Chasseur \u00e0 Sion. Ces derni\u00e8res se pr\u00e9sentent sous la forme de dalles de schiste plus ou moins soigneusement taill\u00e9es &hellip; <a href=\"http:\/\/archeofacts.ch\/blog\/?p=98\">Continue reading <span class=\"meta-nav\">&rarr;<\/span><\/a><\/p>\n","protected":false},"author":1,"featured_media":0,"comment_status":"open","ping_status":"open","sticky":false,"template":"","format":"standard","meta":[],"categories":[14,16,21],"tags":[],"_links":{"self":[{"href":"http:\/\/archeofacts.ch\/blog\/index.php?rest_route=\/wp\/v2\/posts\/98"}],"collection":[{"href":"http:\/\/archeofacts.ch\/blog\/index.php?rest_route=\/wp\/v2\/posts"}],"about":[{"href":"http:\/\/archeofacts.ch\/blog\/index.php?rest_route=\/wp\/v2\/types\/post"}],"author":[{"embeddable":true,"href":"http:\/\/archeofacts.ch\/blog\/index.php?rest_route=\/wp\/v2\/users\/1"}],"replies":[{"embeddable":true,"href":"http:\/\/archeofacts.ch\/blog\/index.php?rest_route=%2Fwp%2Fv2%2Fcomments&post=98"}],"version-history":[{"count":1,"href":"http:\/\/archeofacts.ch\/blog\/index.php?rest_route=\/wp\/v2\/posts\/98\/revisions"}],"predecessor-version":[{"id":487,"href":"http:\/\/archeofacts.ch\/blog\/index.php?rest_route=\/wp\/v2\/posts\/98\/revisions\/487"}],"wp:attachment":[{"href":"http:\/\/archeofacts.ch\/blog\/index.php?rest_route=%2Fwp%2Fv2%2Fmedia&parent=98"}],"wp:term":[{"taxonomy":"category","embeddable":true,"href":"http:\/\/archeofacts.ch\/blog\/index.php?rest_route=%2Fwp%2Fv2%2Fcategories&post=98"},{"taxonomy":"post_tag","embeddable":true,"href":"http:\/\/archeofacts.ch\/blog\/index.php?rest_route=%2Fwp%2Fv2%2Ftags&post=98"}],"curies":[{"name":"wp","href":"https:\/\/api.w.org\/{rel}","templated":true}]}}