{"id":99,"date":"2007-08-25T10:01:41","date_gmt":"2007-08-25T09:01:41","guid":{"rendered":"http:\/\/www.ceramostratigraphie.ch\/blog\/?p=99"},"modified":"2011-04-01T17:22:39","modified_gmt":"2011-04-01T17:22:39","slug":"les-roses-jaunes-du-texas","status":"publish","type":"post","link":"http:\/\/archeofacts.ch\/blog\/?p=99","title":{"rendered":"Des Celtes sur le Vully"},"content":{"rendered":"<p>Si les Romains se donnent rendez-vous ce week-end dans les vestiges de la colonie romaine d\u2019Augusta Raurica (Augst, B\u00e2le Campagne) pour le traditionnel <a href=\"http:\/\/www.roemerfest.ch\/\" target=\"_blank\">R\u00f6merfest<\/a>, les Helv\u00e8tes se r\u00e9uniront le week-end prochain sur l\u2019oppidum celtique du Mont Vully, entre les lacs de Morat et de Neuch\u00e2tel, pour la premi\u00e8re f\u00eate <a href=\"http:\/\/www.provistiliaco.ch\/vullyceltic\/\" target=\"_blank\">Vully Celtic<\/a>. Organis\u00e9e pour c\u00e9l\u00e9brer les trente ans de l\u2019association <a href=\"http:\/\/www.provistiliaco.ch\/\" target=\"_blank\">Pro Vistiliaco<\/a>, fond\u00e9e en 1977 par l\u2019ancienne arch\u00e9ologue cantonale Hanni Schwab (1922-2003), la manifestation proposera de nombreuses animations, dont des groupes de musique celtique et une quarantaine de stands. Il y aura bien s\u00fbr \u00e0 manger et \u00e0 boire, du sanglier r\u00f4ti et de la cervoise artisanale.<\/p>\n<p><img decoding=\"async\" loading=\"lazy\" title=\"Guerriers Celtes\" src=\"http:\/\/www.archeofacts.ch\/imgblog\/Vistiliaco3.jpg\" alt=\"Guerriers Celtes\" width=\"300\" height=\"192\" \/><br \/>\n<em>Guerriers celtes en position de combat<\/em><\/p>\n<p>En cette ann\u00e9e 2007, d\u00e9clar\u00e9e <a href=\"http:\/\/www.bielbienne.ch\/ww\/fr\/pub\/loisirs\/culture\/musees\/schwab\/annees_des_celtes_2007___la_t_.cfm\" target=\"_blank\">ann\u00e9e des Celtes<\/a>, Vully Celtic fera aussi d\u00e9couvrir les techniques de guerre de ce peuple gr\u00e2ce \u00e0 des reconstitutions de combats, en groupe ou en duels. Quelque 80 guerriers \u00e9tabliront leur campement et livreront bataille sur le site de la manifestation ainsi qu\u2019au pied du \u00abrempart des Helv\u00e8tes\u00bb, reconstitution d\u2019un tron\u00e7on de murus gallicus. En attendant, pr\u00e9par\u00e9 vous \u00e0 l\u2019\u00e9v\u00e8nement d\u00e8s lundi 27 ao\u00fbt en \u00e9coutant durant la semaine \u00e0 venir l\u2019\u00e9mission de La Premi\u00e8re, \u00ab Les dicodeurs \u00bb dont l\u2019invit\u00e9 sera Thierry Luginb\u00fchl, professeur d\u2019arch\u00e9ologie gallo-romaine \u00e0 l\u2019Universit\u00e9 de Lausanne et chef de horde parmi les guerriers Helv\u00e8tes.<\/p>\n<div id=\"fb_share_1\" style=\"float: right; margin-left: 10px;\"><a name=\"fb_share\" type=\"icon_link\" share_url=\"http:\/\/archeofacts.ch\/blog\/?p=99\" href=\"http:\/\/www.facebook.com\/sharer.php\">Share<\/a><\/div><div><script src=\"http:\/\/static.ak.fbcdn.net\/connect.php\/js\/FB.Share\" type=\"text\/javascript\"><\/script><\/div>","protected":false},"excerpt":{"rendered":"<p>Si les Romains se donnent rendez-vous ce week-end dans les vestiges de la colonie romaine d\u2019Augusta Raurica (Augst, B\u00e2le Campagne) pour le traditionnel R\u00f6merfest, les Helv\u00e8tes se r\u00e9uniront le week-end prochain sur l\u2019oppidum celtique du Mont Vully, entre les lacs &hellip; <a href=\"http:\/\/archeofacts.ch\/blog\/?p=99\">Continue reading <span class=\"meta-nav\">&rarr;<\/span><\/a><\/p>\n","protected":false},"author":1,"featured_media":0,"comment_status":"open","ping_status":"open","sticky":false,"template":"","format":"standard","meta":[],"categories":[6,14],"tags":[],"_links":{"self":[{"href":"http:\/\/archeofacts.ch\/blog\/index.php?rest_route=\/wp\/v2\/posts\/99"}],"collection":[{"href":"http:\/\/archeofacts.ch\/blog\/index.php?rest_route=\/wp\/v2\/posts"}],"about":[{"href":"http:\/\/archeofacts.ch\/blog\/index.php?rest_route=\/wp\/v2\/types\/post"}],"author":[{"embeddable":true,"href":"http:\/\/archeofacts.ch\/blog\/index.php?rest_route=\/wp\/v2\/users\/1"}],"replies":[{"embeddable":true,"href":"http:\/\/archeofacts.ch\/blog\/index.php?rest_route=%2Fwp%2Fv2%2Fcomments&post=99"}],"version-history":[{"count":1,"href":"http:\/\/archeofacts.ch\/blog\/index.php?rest_route=\/wp\/v2\/posts\/99\/revisions"}],"predecessor-version":[{"id":488,"href":"http:\/\/archeofacts.ch\/blog\/index.php?rest_route=\/wp\/v2\/posts\/99\/revisions\/488"}],"wp:attachment":[{"href":"http:\/\/archeofacts.ch\/blog\/index.php?rest_route=%2Fwp%2Fv2%2Fmedia&parent=99"}],"wp:term":[{"taxonomy":"category","embeddable":true,"href":"http:\/\/archeofacts.ch\/blog\/index.php?rest_route=%2Fwp%2Fv2%2Fcategories&post=99"},{"taxonomy":"post_tag","embeddable":true,"href":"http:\/\/archeofacts.ch\/blog\/index.php?rest_route=%2Fwp%2Fv2%2Ftags&post=99"}],"curies":[{"name":"wp","href":"https:\/\/api.w.org\/{rel}","templated":true}]}}