{"id":1418,"date":"2016-02-29T13:36:47","date_gmt":"2016-02-29T13:36:47","guid":{"rendered":"http:\/\/archeofacts.ch\/blog\/?p=1418"},"modified":"2016-02-29T13:47:51","modified_gmt":"2016-02-29T13:47:51","slug":"pas-a-pas-dans-le-passe-de-la-suisse","status":"publish","type":"post","link":"https:\/\/archeofacts.ch\/blog\/?p=1418","title":{"rendered":"Pas \u00e0 pas dans le pass\u00e9 de la Suisse"},"content":{"rendered":"<p>Donner un aper\u00e7u des d\u00e9couvertes arch\u00e9ologiques r\u00e9alis\u00e9es dans les cantons suisses en se baladant sur le terrain, tel est l\u2019ambition que s\u2019est donn\u00e9e la collection \u00ab Le pass\u00e9 pas \u00e0 pas \u00bb (en allemand : Ausflug in die Vergangenheit) des \u00e9ditions <a href=\"http:\/\/librum-publishers.com\/\" target=\"_blank\">Librum Publishers<\/a>. Son directeur-fondateur, Dominique Oppler, a commenc\u00e9 son activit\u00e9 \u00e9ditoriale en 2012, apr\u00e8s avoir r\u00e9alis\u00e9 un r\u00eave d\u2019enfance en faisant des \u00e9tudes d\u2019arch\u00e9ologie \u00e0 l\u2019universit\u00e9 de Fribourg et de B\u00e2le. La s\u00e9rie qu\u2019il a cr\u00e9\u00e9 est avant tout destin\u00e9e au grand public, en particulier aux familles qui aiment les randonn\u00e9es et qui veulent d\u00e9couvrir, chemin faisant, des sites et des lieux t\u00e9moins du pass\u00e9, de la pr\u00e9histoire au Moyen-Age, et leur insertion dans l\u2019environnement d\u2019aujourd\u2019hui.\u00a0 En plus de l\u2019arch\u00e9ologie et de l\u2019histoire proprement dites, le concept \u00e9ditorial aborde \u00e9galement des aspects concernant la g\u00e9ologie, l\u2019histoire du paysage, la transformation de la v\u00e9g\u00e9tation et de la faune. Comme il s\u2019agit avant tout d\u2019un guide de randonn\u00e9e, tous les aspects pratiques des balades sont abord\u00e9s comme la longueur et la dur\u00e9e des parcours, les transports publics utilisables, les mus\u00e9es visitables, et les lieux de restauration. Le format des volumes de la collection n\u2019\u00e9tant pas fait pour \u00eatre mis dans la poche d\u2019un randonneur, l\u2019\u00e9diteur a pr\u00e9vu que toutes les balades peuvent se faire \u00e9galement \u00e0 l\u2019aide de l\u2019application \u00ab <a href=\"http:\/\/www.gps-tracks.com\/Quick-Wandern-Mountainbike-Fahrrad-Schneeschuh-Touren.aspx?Search=Ausflug%20in%20die%20Vergangenheit\" target=\"_blank\">GPS-Tracks<\/a> \u00bb t\u00e9l\u00e9chargeable sur un smartphone ou une tablette de type Apple ou Android, qui permet de se diriger d\u2019un point d\u2019int\u00e9r\u00eat \u00e0 un autre gr\u00e2ce aux cartes topographiques fournies et affich\u00e9es sur l\u2019\u00e9cran de l\u2019appareil.<br \/>\n<a href=\"http:\/\/archeofacts.ch\/blog\/?attachment_id=1419\" rel=\"attachment wp-att-1419\"><img decoding=\"async\" loading=\"lazy\" class=\"alignnone size-medium wp-image-1419\" alt=\"AusflugVergangenheit\" src=\"http:\/\/archeofacts.ch\/blog\/wp-content\/uploads\/2016\/02\/AusflugVergangenheit-300x171.jpg\" width=\"300\" height=\"171\" srcset=\"https:\/\/archeofacts.ch\/blog\/wp-content\/uploads\/2016\/02\/AusflugVergangenheit-300x171.jpg 300w, https:\/\/archeofacts.ch\/blog\/wp-content\/uploads\/2016\/02\/AusflugVergangenheit-800x457.jpg 800w, https:\/\/archeofacts.ch\/blog\/wp-content\/uploads\/2016\/02\/AusflugVergangenheit.jpg 966w\" sizes=\"(max-width: 300px) 100vw, 300px\" \/><\/a><br \/>\nCouvertures des deux premiers volumes de la s\u00e9rie<\/p>\n<p>Le premier volume de la s\u00e9rie, paru en 2014, pr\u00e9sente les sites du <a href=\"https:\/\/www.librumstore.com\/archaeologie\/ausflug-die-vergangenheit-archaeologische-streifzuege-durchs-baselbiet-p-4.html\" target=\"_blank\">canton de B\u00e2le-Campagne<\/a>, et le second celui des <a href=\"https:\/\/www.librumstore.com\/archaeologie\/ausflug-die-vergangenheit-archaeologische-streifzuege-durch-die-urschweiz-p-10860.html\" target=\"_blank\">cantons de la Suisse primitive<\/a>: Uri, Schwyz, Obwald et Nidwald. Le prochain volume, consacr\u00e9 au <a href=\"http:\/\/librum-publishers.com\/ausflug-in-die-vergangenheit-3\/\" target=\"_blank\">canton de Zurich<\/a>, sera publi\u00e9 au printemps 2016 et devrait servir de base \u00e0 la nouvelle exposition permanente sur l\u2019histoire du canton de Zurich pr\u00e9vue dans la nouvelle annexe du Mus\u00e9e National dont l\u2019ouverture est annonc\u00e9e en 2017. Sur cette lanc\u00e9e, les volumes de Berne et de Soleure sont en cours de r\u00e9daction, et, par voie d\u2019annonces dans la revue AS, des r\u00e9dacteurs sont d\u2019ores et d\u00e9j\u00e0 engag\u00e9s pour les cantons d\u2019Argovie, de Zoug, de Lucerne, du Valais, de Vaud, de Gen\u00e8ve, de Neuch\u00e2tel ainsi que pour la Suisse italienne et le site d\u2019Augusta Raurica. Ce projet concernant toute la Suisse, re\u00e7oit le soutien financier de l\u2019Office f\u00e9d\u00e9ral de la Culture (OFC), des cantons et de fondations priv\u00e9es. L\u2019aspect novateur de l\u2019approche \u00e9ditoriale, alliant le livre et aux nouveaux m\u00e9dias, r\u00e9pond tout \u00e0 fait \u00e0 la nouvelle tendance de la promotion touristique en g\u00e9n\u00e9ral. De plus, pour les enseignants des \u00e9coles primaires, <a href=\"http:\/\/librum-publishers.com\/ausflug-in-die-vergangenheit-sachlernen\/\" target=\"_blank\">un support didactique et p\u00e9dagogique<\/a> est en voie d&#8217;ach\u00e8vement et devrait leur permettre de pr\u00e9parer leur cours et leurs futures courses d\u2019\u00e9coles avec les connaissances acquises dans cette collection.<\/p>\n<div id=\"fb_share_1\" style=\"float: right; margin-left: 10px;\"><a name=\"fb_share\" type=\"icon_link\" share_url=\"https:\/\/archeofacts.ch\/blog\/?p=1418\" href=\"http:\/\/www.facebook.com\/sharer.php\">Share<\/a><\/div><div><script src=\"http:\/\/static.ak.fbcdn.net\/connect.php\/js\/FB.Share\" type=\"text\/javascript\"><\/script><\/div>","protected":false},"excerpt":{"rendered":"<p>Donner un aper\u00e7u des d\u00e9couvertes arch\u00e9ologiques r\u00e9alis\u00e9es dans les cantons suisses en se baladant sur le terrain, tel est l\u2019ambition que s\u2019est donn\u00e9e la collection \u00ab Le pass\u00e9 pas \u00e0 pas \u00bb (en allemand : Ausflug in die Vergangenheit) des &hellip; <a href=\"https:\/\/archeofacts.ch\/blog\/?p=1418\">Continue reading <span class=\"meta-nav\">&rarr;<\/span><\/a><\/p>\n","protected":false},"author":1,"featured_media":0,"comment_status":"open","ping_status":"open","sticky":false,"template":"","format":"standard","meta":[],"categories":[18],"tags":[],"_links":{"self":[{"href":"https:\/\/archeofacts.ch\/blog\/index.php?rest_route=\/wp\/v2\/posts\/1418"}],"collection":[{"href":"https:\/\/archeofacts.ch\/blog\/index.php?rest_route=\/wp\/v2\/posts"}],"about":[{"href":"https:\/\/archeofacts.ch\/blog\/index.php?rest_route=\/wp\/v2\/types\/post"}],"author":[{"embeddable":true,"href":"https:\/\/archeofacts.ch\/blog\/index.php?rest_route=\/wp\/v2\/users\/1"}],"replies":[{"embeddable":true,"href":"https:\/\/archeofacts.ch\/blog\/index.php?rest_route=%2Fwp%2Fv2%2Fcomments&post=1418"}],"version-history":[{"count":4,"href":"https:\/\/archeofacts.ch\/blog\/index.php?rest_route=\/wp\/v2\/posts\/1418\/revisions"}],"predecessor-version":[{"id":1421,"href":"https:\/\/archeofacts.ch\/blog\/index.php?rest_route=\/wp\/v2\/posts\/1418\/revisions\/1421"}],"wp:attachment":[{"href":"https:\/\/archeofacts.ch\/blog\/index.php?rest_route=%2Fwp%2Fv2%2Fmedia&parent=1418"}],"wp:term":[{"taxonomy":"category","embeddable":true,"href":"https:\/\/archeofacts.ch\/blog\/index.php?rest_route=%2Fwp%2Fv2%2Fcategories&post=1418"},{"taxonomy":"post_tag","embeddable":true,"href":"https:\/\/archeofacts.ch\/blog\/index.php?rest_route=%2Fwp%2Fv2%2Ftags&post=1418"}],"curies":[{"name":"wp","href":"https:\/\/api.w.org\/{rel}","templated":true}]}}