{"id":1457,"date":"2016-07-31T18:58:33","date_gmt":"2016-07-31T18:58:33","guid":{"rendered":"http:\/\/archeofacts.ch\/blog\/?p=1457"},"modified":"2016-07-31T19:08:23","modified_gmt":"2016-07-31T19:08:23","slug":"la-grande-histoire-daventicum-en-3d","status":"publish","type":"post","link":"https:\/\/archeofacts.ch\/blog\/?p=1457","title":{"rendered":"La grande histoire d\u2019Aventicum en 3D"},"content":{"rendered":"<p>Les <a href=\"http:\/\/www.aventicum.org\/index.php\/fr\/\" target=\"_blank\">Site et Mus\u00e9e romains d\u2019Avenches<\/a> auront \u00e9t\u00e9 \u00e0 l\u2019honneur en ce mois de juillet qui se termine. D\u2019une part ils ont \u00e9t\u00e9 choisi comme \u00ab <a href=\"https:\/\/www.site-of-the-month.ch\/fr\/aventicvm-avenches-vd\/\" target=\"_blank\">site du mois<\/a> \u00bb par <a href=\"http:\/\/www.archaeoconcept.com\/\" target=\"_blank\">ArchaeConcept<\/a>. D\u2019autre part, dans le sillage des manifestations organis\u00e9es l\u2019ann\u00e9e derni\u00e8re lors du <a href=\"http:\/\/archeofacts.ch\/blog\/?p=1347\" target=\"_blank\">bimill\u00e9naire de la cit\u00e9<\/a>, un spectacle de sons et lumi\u00e8res d\u00e9sign\u00e9 sous l\u2019appellation \u00ab La Grande Histoire d\u2019Aventicum \u00bb a \u00e9t\u00e9 cr\u00e9\u00e9 tout sp\u00e9cialement pour mettre en valeur la Capitale des Helv\u00e8tes. L\u2019id\u00e9e du projet a germ\u00e9 dans l\u2019esprit de Martial Meystre, directeur d\u2019Avenches Tourisme, s\u00e9duit par le documentaire de Philippe Nicolet \u00ab Aventicum D-Couverte. La capitale des Helv\u00e8tes d\u00e9voile ses joyaux apr\u00e8s 2000 ans \u00bb, film en 3D sur la vie quotidienne dans la cit\u00e9 romaine. Le professionnel du tourisme a propos\u00e9 au cin\u00e9aste de monter un spectacle biannuel sur cette base, en lui donnant carte blanche pour \u00e9tablir le sc\u00e9nario et en faire la r\u00e9alisation. Le budget devis\u00e9 \u00e0 950 000 francs ne peut que laisser songeur les arch\u00e9ologues qui chaque ann\u00e9e peinent \u00e0 obtenir ceux de leurs interventions. Au final, le premier volet de cette grande histoire, intitul\u00e9 \u00ab <a href=\"http:\/\/www.nvp3d.com\/fr\/l-esclave-et-le-hibou\" target=\"_blank\">L\u2019esclave et le Hibou<\/a> \u00bb, se pr\u00e9sente sous la forme d\u2019un film d\u2019une dur\u00e9e de 70 minutes projet\u00e9 en plein air sur trois \u00e9crans g\u00e9ants, dont le principal en image 3D haute d\u00e9finition, n\u00e9cessite comme il se doit actuellement au cin\u00e9ma le port de lunettes sp\u00e9ciales.<br \/>\n<a href=\"http:\/\/archeofacts.ch\/blog\/?attachment_id=1458\" rel=\"attachment wp-att-1458\"><img decoding=\"async\" loading=\"lazy\" class=\"alignnone size-medium wp-image-1458\" alt=\"Aventicum3D\" src=\"http:\/\/archeofacts.ch\/blog\/wp-content\/uploads\/2016\/07\/Aventicum3D-300x168.jpg\" width=\"300\" height=\"168\" srcset=\"https:\/\/archeofacts.ch\/blog\/wp-content\/uploads\/2016\/07\/Aventicum3D-300x168.jpg 300w, https:\/\/archeofacts.ch\/blog\/wp-content\/uploads\/2016\/07\/Aventicum3D-800x450.jpg 800w, https:\/\/archeofacts.ch\/blog\/wp-content\/uploads\/2016\/07\/Aventicum3D.jpg 1024w\" sizes=\"(max-width: 300px) 100vw, 300px\" \/><\/a><br \/>\nLe dispositif multi-\u00e9crans en place devant les gradins<\/p>\n<p>L\u2019action principale du film \u00ab L&#8217;Esclave et le Hibou \u00bb se situe en l\u2019an 179 de notre \u00e8re, \u00e0 la fin du r\u00e8gne de l\u2019empereur-philosophe <a href=\"https:\/\/fr.wikipedia.org\/wiki\/Marc_Aur%C3%A8le\" target=\"_blank\">Marc-Aur\u00e8le<\/a> et s\u2019inspire d\u2019un r\u00e9cit, l&#8217;\u00c2ne d&#8217;Or, compos\u00e9 par un de ses contemporains, Lucius Apuleius dit <a href=\"https:\/\/fr.wikipedia.org\/wiki\/Apul%C3%A9e\" target=\"_blank\">Apul\u00e9e<\/a>, dans la seconde moiti\u00e9 du IIe si\u00e8cle. L\u2019intrigue met en sc\u00e8ne divers protagonistes, dont l\u2019esclave Fotis, la magicienne Anna, le noble Quintus, le menuisier Lucius et le pr\u00eatre Ca\u00efus. Le <a href=\"https:\/\/www.youtube.com\/watch?v=HWartVZt5aY\" target=\"_blank\">teaser du film<\/a> est suffisamment explicite pour prendre connaissance ou se rappeler des moments cl\u00e9s de l\u2019histoire qui, in fine, offre une hypoth\u00e8se \u00e0 la d\u00e9couverte du buste en or massif de l\u2019empereur Marc-Aur\u00e8le, le 19 avril 1939 dans une canalisation situ\u00e9e sous le Sanctuaire du Cigognier, tr\u00e9sor arch\u00e9ologique le plus c\u00e9l\u00e8bre et embl\u00e9matique d\u2019Aventicum. L\u2019ensemble du spectacle permet de d\u00e9couvrir en 3D, au fil du r\u00e9cit, quelques \u00e9l\u00e9ments majeurs des collections du mus\u00e9e romain, dont un myst\u00e9rieux objet de bronze appel\u00e9 dod\u00e9ca\u00e8dre, et, dans la mise en sc\u00e8ne en plein air, de porter un \u00e9clairage sur certains monuments antiques moins connus que les ar\u00e8nes ou la colonne du Cigognier, comme la porte de l\u2019Est, la Tour de la Tornallaz &#8211; seule survivante des 73 tours qui renfor\u00e7aient l\u2019enceinte de la ville \u2013 ainsi que les thermes du Forum. De plus, sont int\u00e9gr\u00e9s dans le film, quelques vues a\u00e9riennes de la ville antique reconstitu\u00e9e en <a href=\"https:\/\/www.youtube.com\/watch?v=u58zN7iEjiU\" target=\"_blank\">images de synth\u00e8se par Neng Xu<\/a>, et dans la bande son quelques belles pens\u00e9es de Marc-Aur\u00e8le qui nous invitent \u00e0 le relire.\u00a0 Si tout va bien, rendez-vous nous est donn\u00e9 dans deux ans pour un nouvel \u00e9pisode de \u00ab La Grande histoire d\u2019Aventicum \u00bb.<\/p>\n<div id=\"fb_share_1\" style=\"float: right; margin-left: 10px;\"><a name=\"fb_share\" type=\"icon_link\" share_url=\"https:\/\/archeofacts.ch\/blog\/?p=1457\" href=\"http:\/\/www.facebook.com\/sharer.php\">Share<\/a><\/div><div><script src=\"http:\/\/static.ak.fbcdn.net\/connect.php\/js\/FB.Share\" type=\"text\/javascript\"><\/script><\/div>","protected":false},"excerpt":{"rendered":"<p>Les Site et Mus\u00e9e romains d\u2019Avenches auront \u00e9t\u00e9 \u00e0 l\u2019honneur en ce mois de juillet qui se termine. D\u2019une part ils ont \u00e9t\u00e9 choisi comme \u00ab site du mois \u00bb par ArchaeConcept. D\u2019autre part, dans le sillage des manifestations organis\u00e9es &hellip; <a href=\"https:\/\/archeofacts.ch\/blog\/?p=1457\">Continue reading <span class=\"meta-nav\">&rarr;<\/span><\/a><\/p>\n","protected":false},"author":1,"featured_media":0,"comment_status":"open","ping_status":"open","sticky":false,"template":"","format":"standard","meta":[],"categories":[3,4,12],"tags":[],"_links":{"self":[{"href":"https:\/\/archeofacts.ch\/blog\/index.php?rest_route=\/wp\/v2\/posts\/1457"}],"collection":[{"href":"https:\/\/archeofacts.ch\/blog\/index.php?rest_route=\/wp\/v2\/posts"}],"about":[{"href":"https:\/\/archeofacts.ch\/blog\/index.php?rest_route=\/wp\/v2\/types\/post"}],"author":[{"embeddable":true,"href":"https:\/\/archeofacts.ch\/blog\/index.php?rest_route=\/wp\/v2\/users\/1"}],"replies":[{"embeddable":true,"href":"https:\/\/archeofacts.ch\/blog\/index.php?rest_route=%2Fwp%2Fv2%2Fcomments&post=1457"}],"version-history":[{"count":4,"href":"https:\/\/archeofacts.ch\/blog\/index.php?rest_route=\/wp\/v2\/posts\/1457\/revisions"}],"predecessor-version":[{"id":1460,"href":"https:\/\/archeofacts.ch\/blog\/index.php?rest_route=\/wp\/v2\/posts\/1457\/revisions\/1460"}],"wp:attachment":[{"href":"https:\/\/archeofacts.ch\/blog\/index.php?rest_route=%2Fwp%2Fv2%2Fmedia&parent=1457"}],"wp:term":[{"taxonomy":"category","embeddable":true,"href":"https:\/\/archeofacts.ch\/blog\/index.php?rest_route=%2Fwp%2Fv2%2Fcategories&post=1457"},{"taxonomy":"post_tag","embeddable":true,"href":"https:\/\/archeofacts.ch\/blog\/index.php?rest_route=%2Fwp%2Fv2%2Ftags&post=1457"}],"curies":[{"name":"wp","href":"https:\/\/api.w.org\/{rel}","templated":true}]}}