{"id":20,"date":"2006-12-10T23:02:08","date_gmt":"2006-12-10T22:02:08","guid":{"rendered":"http:\/\/www.ceramostratigraphie.ch\/blog\/?p=20"},"modified":"2011-03-29T19:38:55","modified_gmt":"2011-03-29T19:38:55","slug":"titus-pullo-et-lucius-vorenus-sont-de-retour","status":"publish","type":"post","link":"https:\/\/archeofacts.ch\/blog\/?p=20","title":{"rendered":"De l\u2019oralit\u00e9 \u00e0 l\u2019\u00e9criture"},"content":{"rendered":"<p><span style=\"font-size: 11pt; font-family: Arial;\">Il fut un temps o\u00f9 les r\u00e9cits h\u00e9ro\u00efques de la Gr\u00e8ce ancienne \u00e9taient transmis oralement, d\u2019a\u00e8de \u00e0  a\u00e8de. Ils furent ensuite mis par \u00e9crit et attribu\u00e9s \u00e0 Hom\u00e8re. Depuis le 21 novembre, la <a href=\"http:\/\/www.bnf.fr\/\" target=\"_blank\">Biblioth\u00e8que nationale de France<\/a>, a ouvert son espace d\u2019exposition \u00e0  l\u2019oeuvre hom\u00e9rique, l\u2019Illiade et l\u2019Odyss\u00e9e, vu \u00e0  travers le regard de l&#8217;un de ses h\u00e9ros, Ulysse. Par l\u2019entremise d\u2019objets arch\u00e9ologiques et artistiques, l\u2019exposition, intitul\u00e9e tout naturellement : Hom\u00e8re, sur les traces d\u2019Ulysse, fera d\u00e9couvrir au visiteur la part de r\u00e9alit\u00e9 et d\u2019imaginaire derri\u00e8re le r\u00e9cit, en mettant en \u00e9vidence l\u2019importance pour la culture occidentale de cet h\u00e9ritage.<\/span><\/p>\n<p><span style=\"font-size: 11pt; font-family: Arial;\"> <\/span> <span style=\"font-size: 11pt; font-family: Arial;\"><img decoding=\"async\" loading=\"lazy\" title=\"Plage d'Ulysse \u00e0 Ithaque\" src=\"http:\/\/www.archeofacts.ch\/imgblog\/Ithaque2.jpg\" alt=\"\" width=\"300\" height=\"200\" \/><\/span> <span style=\"font-size: 11pt; font-family: Arial;\"><em><br \/>\n<\/em> La plage du retour <\/span><span style=\"font-size: 11pt; font-family: Arial;\">d&#8217;Ulysse <\/span><span style=\"font-size: 11pt; font-family: Arial;\">\u00e0  Ithaque<em> <\/em> <\/span> <span style=\"font-size: 11pt; font-family: Arial;\"><span style=\"font-size: 11pt; font-family: Arial;\"><\/span><\/span><\/p>\n<p>En suivant Ulysse, de Troie \u00e0  Ithaque, on d\u00e9couvre le monde grec de l\u2019\u00c2ge du Bronze, avec ses mythes, ses l\u00e9gendes, ses lieux et ses dieux. L\u2019arch\u00e9ologie a retrouv\u00e9 les traces des contemporains d\u2019Ulysse, leurs cit\u00e9s et leurs tombeaux et les arch\u00e9ologues leur ont donn\u00e9s le nom de Myc\u00e9niens. Ce n\u2019est que quatre cents ans plus tard que celui que l\u2019on appelle Hom\u00e8re fixa dans l\u2019\u00e9criture les textes fondateurs de la civilisation grecque. Bien que l\u2019histoire doute de son existence, il subsiste une douzaine de texte sur la vie d\u2019Hom\u00e8re dont le plus ancien remonte au 2<sup>\u00e8me<\/sup> si\u00e8cle apr\u00e8s J.-C. Pour ceux qui se rendront prochainement \u00e0  Paris, ce monde fabuleux est \u00e0  d\u00e9couvrir, ou \u00e0  revoir, jusqu\u2019au 27 mai 2007. Pour les autres, les documents contenus dans les bornes interactives de l\u2019exposition sont d\u00e8s \u00e0  pr\u00e9sent accessibles sur <a href=\"http:\/\/expositions.bnf.fr\/homere\/index.htm\" target=\"_blank\">Internet<\/a>.<span style=\"font-size: 11pt; font-family: Arial;\"><span style=\"font-size: 11pt; font-family: Arial;\"> <\/span><\/span><span style=\"font-size: 11pt; font-family: Arial;\"><\/span><span style=\"font-size: 11pt; font-family: Arial;\"><\/span><span style=\"font-size: 11pt; font-family: Arial;\"><\/span><span style=\"font-size: 11pt; font-family: Arial;\"><\/span><\/p>\n<div id=\"fb_share_1\" style=\"float: right; margin-left: 10px;\"><a name=\"fb_share\" type=\"icon_link\" share_url=\"https:\/\/archeofacts.ch\/blog\/?p=20\" href=\"http:\/\/www.facebook.com\/sharer.php\">Share<\/a><\/div><div><script src=\"http:\/\/static.ak.fbcdn.net\/connect.php\/js\/FB.Share\" type=\"text\/javascript\"><\/script><\/div>","protected":false},"excerpt":{"rendered":"<p>Il fut un temps o\u00f9 les r\u00e9cits h\u00e9ro\u00efques de la Gr\u00e8ce ancienne \u00e9taient transmis oralement, d\u2019a\u00e8de \u00e0 a\u00e8de. Ils furent ensuite mis par \u00e9crit et attribu\u00e9s \u00e0 Hom\u00e8re. Depuis le 21 novembre, la Biblioth\u00e8que nationale de France, a ouvert son &hellip; <a href=\"https:\/\/archeofacts.ch\/blog\/?p=20\">Continue reading <span class=\"meta-nav\">&rarr;<\/span><\/a><\/p>\n","protected":false},"author":1,"featured_media":0,"comment_status":"open","ping_status":"open","sticky":false,"template":"","format":"standard","meta":[],"categories":[14],"tags":[],"_links":{"self":[{"href":"https:\/\/archeofacts.ch\/blog\/index.php?rest_route=\/wp\/v2\/posts\/20"}],"collection":[{"href":"https:\/\/archeofacts.ch\/blog\/index.php?rest_route=\/wp\/v2\/posts"}],"about":[{"href":"https:\/\/archeofacts.ch\/blog\/index.php?rest_route=\/wp\/v2\/types\/post"}],"author":[{"embeddable":true,"href":"https:\/\/archeofacts.ch\/blog\/index.php?rest_route=\/wp\/v2\/users\/1"}],"replies":[{"embeddable":true,"href":"https:\/\/archeofacts.ch\/blog\/index.php?rest_route=%2Fwp%2Fv2%2Fcomments&post=20"}],"version-history":[{"count":1,"href":"https:\/\/archeofacts.ch\/blog\/index.php?rest_route=\/wp\/v2\/posts\/20\/revisions"}],"predecessor-version":[{"id":402,"href":"https:\/\/archeofacts.ch\/blog\/index.php?rest_route=\/wp\/v2\/posts\/20\/revisions\/402"}],"wp:attachment":[{"href":"https:\/\/archeofacts.ch\/blog\/index.php?rest_route=%2Fwp%2Fv2%2Fmedia&parent=20"}],"wp:term":[{"taxonomy":"category","embeddable":true,"href":"https:\/\/archeofacts.ch\/blog\/index.php?rest_route=%2Fwp%2Fv2%2Fcategories&post=20"},{"taxonomy":"post_tag","embeddable":true,"href":"https:\/\/archeofacts.ch\/blog\/index.php?rest_route=%2Fwp%2Fv2%2Ftags&post=20"}],"curies":[{"name":"wp","href":"https:\/\/api.w.org\/{rel}","templated":true}]}}