{"id":425,"date":"2011-04-01T12:01:38","date_gmt":"2011-04-01T12:01:38","guid":{"rendered":"http:\/\/archeofacts.ch\/blog\/?p=425"},"modified":"2011-09-18T20:44:59","modified_gmt":"2011-09-18T20:44:59","slug":"la-fabuleuse-decouverte-de-brazul","status":"publish","type":"post","link":"https:\/\/archeofacts.ch\/blog\/?p=425","title":{"rendered":"La fabuleuse d\u00e9couverte de Brazul"},"content":{"rendered":"<p>Le dernier num\u00e9ro de la revue <a href=\"http:\/\/www.archaeologie-schweiz.ch\/fr\/as.htm\" target=\"_blank\">AS<\/a> d&#8217;Arch\u00e9ologie suisse nous apprend qu\u2019au c\u0153ur de l\u2019Amazonie, \u00e0 la fronti\u00e8re entre le Venezuela et le P\u00e9rou, une exp\u00e9dition d\u2019arch\u00e9ologues lausannois a d\u00e9couvert en 2008 les vestiges d\u2019une civilisation pr\u00e9colombienne disparue. En 2009, une campagne de fouille, men\u00e9e en accord avec le Departamento del patrimonio arqueol\u00f3gico du Venezuela, permis de mettre au jour une quantit\u00e9 incroyable de tessons de c\u00e9ramique d\u2019une qualit\u00e9 et d\u2019une facture tout \u00e0 fait exceptionnelle dans les couches inf\u00e9rieures, alors que les niveaux sup\u00e9rieurs livraient une production mal cuite et plus sommaire. Des datations radiocarbones de l\u2019ensemble des couches permettent de dater le niveau le plus ancien du 2\u00e8me si\u00e8cle avant J.-C., alors que la derni\u00e8re couche date du 7\u00e8me si\u00e8cle apr\u00e8s J.-C.<\/p>\n<p><img decoding=\"async\" loading=\"lazy\" src=\"http:\/\/www.archeofacts.ch\/imgblog\/Brazul2.jpg\" alt=\"Exp\u00e9dition \u00e0 Brazul\" width=\"300\" height=\"190\" \/><br \/>\nLes membres de l\u2019exp\u00e9dition de 2008.<\/p>\n<p>L\u2019emplacement de cette d\u00e9couverte, d\u00e9nomm\u00e9 \u00ab Brazul \u00bb, selon un mot emprunt\u00e9 \u00e0 la langue locale, devient ainsi le site \u00e9ponyme d\u2019une nouvelle grande culture pr\u00e9colombienne, la civilisation brazulienne. Pendant le Brazulien ancien (2\u00e8me si\u00e8cle av. J-C \u2013 5\u00e8me si\u00e8cle apr. J.-C), on voit se d\u00e9velopper une culture dans laquelle la poterie semble progressivement prendre la place pr\u00e9pond\u00e9rante, tant et si bien qu\u2019au Brazulien moyen (6\u00e8me apr. J.-C), la production et la consommation deviennent hors de proportion avec les ressources locales. La for\u00eat alentours a \u00e9t\u00e9 surexploit\u00e9e, tant et plus qu\u2019en son absence, au Brazulien r\u00e9cent (7\u00e8me si\u00e8cle apr. J.-C.) la poterie connait un rapide d\u00e9clin, tant en quantit\u00e9, qu\u2019en qualit\u00e9, avant de dispara\u00eetre compl\u00e8tement, dans des circonstances tragiques et sanglantes. Une exposition \u00ab<a href=\"http:\/\/www.lausanne.ch\/view.asp?docId=34580&amp;domId=64131&amp;language=F\" target=\"_blank\">Brazul<\/a>\u00bb pr\u00e9sente, jusqu\u2019au 1er mai 2011 au <a href=\"http:\/\/www.lausanne.ch\/view.asp?DomID=64126\" target=\"_blank\">Mus\u00e9e romain de Lausanne-Vidy<\/a> , un film de l&#8217;exp\u00e9dition ainsi que de nombreuses pi\u00e8ces de c\u00e9ramique brazulienne, qui permettent de mesurer l\u2019ampleur de cette fabuleuse d\u00e9couverte.<\/p>\n<div id=\"fb_share_1\" style=\"float: right; margin-left: 10px;\"><a name=\"fb_share\" type=\"icon_link\" share_url=\"https:\/\/archeofacts.ch\/blog\/?p=425\" href=\"http:\/\/www.facebook.com\/sharer.php\">Share<\/a><\/div><div><script src=\"http:\/\/static.ak.fbcdn.net\/connect.php\/js\/FB.Share\" type=\"text\/javascript\"><\/script><\/div>","protected":false},"excerpt":{"rendered":"<p>Le dernier num\u00e9ro de la revue AS d&#8217;Arch\u00e9ologie suisse nous apprend qu\u2019au c\u0153ur de l\u2019Amazonie, \u00e0 la fronti\u00e8re entre le Venezuela et le P\u00e9rou, une exp\u00e9dition d\u2019arch\u00e9ologues lausannois a d\u00e9couvert en 2008 les vestiges d\u2019une civilisation pr\u00e9colombienne disparue. En 2009, &hellip; <a href=\"https:\/\/archeofacts.ch\/blog\/?p=425\">Continue reading <span class=\"meta-nav\">&rarr;<\/span><\/a><\/p>\n","protected":false},"author":1,"featured_media":0,"comment_status":"open","ping_status":"open","sticky":false,"template":"","format":"standard","meta":[],"categories":[4,5,6,9,12,14],"tags":[],"_links":{"self":[{"href":"https:\/\/archeofacts.ch\/blog\/index.php?rest_route=\/wp\/v2\/posts\/425"}],"collection":[{"href":"https:\/\/archeofacts.ch\/blog\/index.php?rest_route=\/wp\/v2\/posts"}],"about":[{"href":"https:\/\/archeofacts.ch\/blog\/index.php?rest_route=\/wp\/v2\/types\/post"}],"author":[{"embeddable":true,"href":"https:\/\/archeofacts.ch\/blog\/index.php?rest_route=\/wp\/v2\/users\/1"}],"replies":[{"embeddable":true,"href":"https:\/\/archeofacts.ch\/blog\/index.php?rest_route=%2Fwp%2Fv2%2Fcomments&post=425"}],"version-history":[{"count":4,"href":"https:\/\/archeofacts.ch\/blog\/index.php?rest_route=\/wp\/v2\/posts\/425\/revisions"}],"predecessor-version":[{"id":908,"href":"https:\/\/archeofacts.ch\/blog\/index.php?rest_route=\/wp\/v2\/posts\/425\/revisions\/908"}],"wp:attachment":[{"href":"https:\/\/archeofacts.ch\/blog\/index.php?rest_route=%2Fwp%2Fv2%2Fmedia&parent=425"}],"wp:term":[{"taxonomy":"category","embeddable":true,"href":"https:\/\/archeofacts.ch\/blog\/index.php?rest_route=%2Fwp%2Fv2%2Fcategories&post=425"},{"taxonomy":"post_tag","embeddable":true,"href":"https:\/\/archeofacts.ch\/blog\/index.php?rest_route=%2Fwp%2Fv2%2Ftags&post=425"}],"curies":[{"name":"wp","href":"https:\/\/api.w.org\/{rel}","templated":true}]}}