{"id":526,"date":"2011-04-24T09:44:01","date_gmt":"2011-04-24T09:44:01","guid":{"rendered":"http:\/\/archeofacts.ch\/blog\/?p=526"},"modified":"2011-04-28T12:16:19","modified_gmt":"2011-04-28T12:16:19","slug":"noidenolex-avant-novum-castellum","status":"publish","type":"post","link":"https:\/\/archeofacts.ch\/blog\/?p=526","title":{"rendered":"Noidenolex avant Novum Castellum"},"content":{"rendered":"<p>La ville de Neuch\u00e2tel c\u00e9l\u00e8bre aujourd\u2019hui les 1000 ans de son  existence historique. C\u2019est en effet le 24 avril 1011 qu\u2019un acte de  donation \u00e9tabli par le roi de Bourgogne Rodolphe III au profit de son  \u00e9pouse Irmengarde, lui offre, en plus d\u2019un certain nombre d\u2019autres  possessions, le si\u00e8ge tr\u00e8s royal (regalissima sedes) de \u00ab Novum  Castellum \u00bb. Bien s\u00fbr ce ch\u00e2teau neuf \u00e9tait d\u00e9j\u00e0 construit, et s\u2019il d\u00fbt y  avoir une fondation de ce castel, elle remonte \u00e0 quelques lustres  ant\u00e9rieurs, lorsque le lieu de r\u00e9sidence du pouvoir royal dans la r\u00e9gion  s\u2019est d\u00e9plac\u00e9 de la villa de Colombier \u00e0 la colline du ch\u00e2teau de  Neuch\u00e2tel. Cependant, il n\u2019en fut pas toujours ainsi, car aux cours des  XVIIIe et XIXe si\u00e8cles, les bourgeois de Neuch\u00e2tel ont pu croire qu\u2019ils  \u00e9taient les successeurs en ce lieu des habitants de l\u2019antique Noidenolex  ou No\u00efdenolex.<br \/>\n<img decoding=\"async\" loading=\"lazy\" src=\"http:\/\/www.archeofacts.ch\/imgblog\/Neuch1000.jpg\" alt=\"Mill\u00e9naire de Neuch\u00e2tel\" width=\"300\" height=\"229\" \/><br \/>\n<a href=\"http:\/\/www.1000ne.ch\/index.php\/fr\/1000-ans\/le-projet\" target=\"_blank\">Neuch\u00e2tel c\u00e9l\u00e8bre son Mill\u00e9naire.<\/a><\/p>\n<p>L\u2019affaire commence \u00e0 partir d\u2019une erreur de transcription d\u2019un manuscrit des <a href=\"http:\/\/www.hls-dhs-dss.ch\/textes\/f\/F48913.php\" target=\"_blank\">Notitia Galliarum<\/a>.  Ce texte pr\u00e9sente une liste des provinces et des civitates de la Gaule  romaine. Certaines versions imprim\u00e9es de ce texte, reprenant l\u2019erreur  manuscrite, font mention d\u2019une localit\u00e9, No\u00efdenolex dans le pays  d\u2019Avenches (Aventicum). Pour la plupart des savants de l\u2019\u00e9poque,  No\u00efdenolex devait se situer sur la Vy d\u2019Etraz, l\u2019ancienne voie pav\u00e9e  (via Strata) reliant Eburodunum (Yverdon) \u00e0 Salodurum (Soleure), et  l\u2019emplacement le plus favorable semblait devoir \u00eatre l\u2019actuel quartier  de la Maladi\u00e8re, entre Vieux-Ch\u00e2tel \u00e0 l\u2019ouest et le Nid-du-Cr\u00f4 \u00e0 l\u2019est.  Cet emplacement semblait d\u2019autant plus assur\u00e9 que de nombreuses  inscriptions latines portant la mention de Noidenolex y avait \u00e9t\u00e9  d\u00e9couverte selon un <a href=\"http:\/\/books.google.ch\/books?id=jEAPAAAAQAAJ&amp;pg=RA1-PA7&amp;lpg=RA1-PA7&amp;dq=No%C3%AFdenolex&amp;source=bl&amp;ots=mhhad-UlXi&amp;sig=LDVQSrc2JuMptzjm33cxdbr-IdA&amp;hl=en&amp;ei=uzizTZbCGsifOuGWgL8J&amp;sa=X&amp;oi=book_result&amp;ct=result&amp;resnum=1&amp;ved=0CBYQ6AEwAA#v=onepage&amp;q=No%C3%AFdenolex&amp;f=false\" target=\"_blank\">M\u00e9moire sur le Comt\u00e9 de Neuch\u00e2tel<\/a> r\u00e9dig\u00e9 par le Chancelier, Georges de Montmolin (1628-1703), une  personnalit\u00e9 politique int\u00e8gre et irr\u00e9prochable de la Principaut\u00e9. De  plus, la toponymie m\u00eame de Vieux-Ch\u00e2tel semblait en fournir un indice.  Or, tous ces \u00e9l\u00e9ments de preuves \u00e9pigraphiques furent invent\u00e9s de toute  pi\u00e8ce au milieu du XVIIIe si\u00e8cle par le vrai auteur du M\u00e9moire  apocryphe, Abraham Pury. Il fallut cependant attendre le d\u00e9but du XXe  si\u00e8cle pour que la falsification puisse \u00eatre d\u00e9finitivement \u00e9tablie, et  que Neuch\u00e2tel perde ainsi les fondements de ses origines romaines.<\/p>\n<div id=\"fb_share_1\" style=\"float: right; margin-left: 10px;\"><a name=\"fb_share\" type=\"icon_link\" share_url=\"https:\/\/archeofacts.ch\/blog\/?p=526\" href=\"http:\/\/www.facebook.com\/sharer.php\">Share<\/a><\/div><div><script src=\"http:\/\/static.ak.fbcdn.net\/connect.php\/js\/FB.Share\" type=\"text\/javascript\"><\/script><\/div>","protected":false},"excerpt":{"rendered":"<p>La ville de Neuch\u00e2tel c\u00e9l\u00e8bre aujourd\u2019hui les 1000 ans de son existence historique. C\u2019est en effet le 24 avril 1011 qu\u2019un acte de donation \u00e9tabli par le roi de Bourgogne Rodolphe III au profit de son \u00e9pouse Irmengarde, lui offre, &hellip; <a href=\"https:\/\/archeofacts.ch\/blog\/?p=526\">Continue reading <span class=\"meta-nav\">&rarr;<\/span><\/a><\/p>\n","protected":false},"author":1,"featured_media":0,"comment_status":"open","ping_status":"open","sticky":false,"template":"","format":"standard","meta":[],"categories":[3,7,19],"tags":[],"_links":{"self":[{"href":"https:\/\/archeofacts.ch\/blog\/index.php?rest_route=\/wp\/v2\/posts\/526"}],"collection":[{"href":"https:\/\/archeofacts.ch\/blog\/index.php?rest_route=\/wp\/v2\/posts"}],"about":[{"href":"https:\/\/archeofacts.ch\/blog\/index.php?rest_route=\/wp\/v2\/types\/post"}],"author":[{"embeddable":true,"href":"https:\/\/archeofacts.ch\/blog\/index.php?rest_route=\/wp\/v2\/users\/1"}],"replies":[{"embeddable":true,"href":"https:\/\/archeofacts.ch\/blog\/index.php?rest_route=%2Fwp%2Fv2%2Fcomments&post=526"}],"version-history":[{"count":4,"href":"https:\/\/archeofacts.ch\/blog\/index.php?rest_route=\/wp\/v2\/posts\/526\/revisions"}],"predecessor-version":[{"id":541,"href":"https:\/\/archeofacts.ch\/blog\/index.php?rest_route=\/wp\/v2\/posts\/526\/revisions\/541"}],"wp:attachment":[{"href":"https:\/\/archeofacts.ch\/blog\/index.php?rest_route=%2Fwp%2Fv2%2Fmedia&parent=526"}],"wp:term":[{"taxonomy":"category","embeddable":true,"href":"https:\/\/archeofacts.ch\/blog\/index.php?rest_route=%2Fwp%2Fv2%2Fcategories&post=526"},{"taxonomy":"post_tag","embeddable":true,"href":"https:\/\/archeofacts.ch\/blog\/index.php?rest_route=%2Fwp%2Fv2%2Ftags&post=526"}],"curies":[{"name":"wp","href":"https:\/\/api.w.org\/{rel}","templated":true}]}}