{"id":965,"date":"2012-01-30T20:30:06","date_gmt":"2012-01-30T20:30:06","guid":{"rendered":"http:\/\/archeofacts.ch\/blog\/?p=965"},"modified":"2012-01-30T20:36:27","modified_gmt":"2012-01-30T20:36:27","slug":"les-archives-du-sol","status":"publish","type":"post","link":"https:\/\/archeofacts.ch\/blog\/?p=965","title":{"rendered":"Les archives du sol"},"content":{"rendered":"<p>Le dernier num\u00e9ro de la revue \u00ab environnement \u00bb, publi\u00e9e par l\u2019Office f\u00e9d\u00e9ral de l\u2019environnement (OFEV) t\u00e9l\u00e9chargeable <a href=\"http:\/\/www.bafu.admin.ch\/dokumentation\/umwelt\/11785\/index.html?lang=fr\" target=\"_blank\">ici<\/a>, traite dans sa partie dossier des principales fonctions du sol. En tant qu\u2019arch\u00e9ologue aimant ouvrir la terre \u00e0 la recherche du pass\u00e9, il est utile de s\u2019int\u00e9resser \u00e0 la fa\u00e7on dont les sols se construisent naturellement par l\u2019accumulation de mati\u00e8res organiques et min\u00e9rales et sous l\u2019action des organismes qu\u2019ils contiennent ou disparaissent sous l\u2019effet de l\u2019\u00e9rosion. Mais de mani\u00e8re g\u00e9n\u00e9rale, la plus grande cause de perturbation des sols est actuellement due \u00e0 l\u2019activit\u00e9 humaine, ce qui n\u00e9cessite nos interventions sur le terrain. En effet, chaque seconde qui passe dans notre pays, c\u2019est pr\u00e8s d\u2019un m\u00e8tre carr\u00e9 de sol qui est transform\u00e9 en zone industrielle, en surface d\u2019habitation ou en infrastructure de transport. Le sol est aussi une source de mati\u00e8res premi\u00e8res et l\u2019\u00e9l\u00e9ment essentiel \u00e0 la production de notre alimentation. Mais lui et les organismes vivants qu\u2019il contient doivent aussi faire face \u00e0 un danger de pollution de plus en plus important qui menace leur fertilit\u00e9, et notre propre survie. Au fil des pages on apprend que le plus grand organisme vivant connu est un champignon, dont le myc\u00e9lium s\u2019\u00e9tend sur une superficie de neuf kilom\u00e8tres carr\u00e9s, qu\u2019il p\u00e8se pr\u00e8s de 600 tonnes et qu\u2019il serait vieux de 2400 ans. On apprend \u00e9galement que le ver de terre le plus courant peut appartenir \u00e0 deux esp\u00e8ces diff\u00e9rentes. Cette connaissance doit faire plaisir \u00e0 une \u00e9tudiante en arch\u00e9ologie que j\u2019ai connue et qui n\u2019aimait pas fouiller par d\u00e9go\u00fbt des vers de terre.<br \/>\n<a href=\"http:\/\/archeofacts.ch\/blog\/wp-content\/uploads\/2012\/01\/environnement.jpg\"><img decoding=\"async\" loading=\"lazy\" class=\"alignnone size-medium wp-image-966\" title=\"environnement\" src=\"http:\/\/archeofacts.ch\/blog\/wp-content\/uploads\/2012\/01\/environnement-300x204.jpg\" alt=\"\" width=\"300\" height=\"204\" srcset=\"https:\/\/archeofacts.ch\/blog\/wp-content\/uploads\/2012\/01\/environnement-300x204.jpg 300w, https:\/\/archeofacts.ch\/blog\/wp-content\/uploads\/2012\/01\/environnement.jpg 785w\" sizes=\"(max-width: 300px) 100vw, 300px\" \/><\/a><br \/>\nHochdorf LU (extrait de la couverture)<br \/>\nCe dossier instructif se termine avec un article avec lequel il aurait pu commencer, puisqu\u2019il traite de la fonction d\u2019archivage du sol. Il est bas\u00e9 sur une interview d\u2019Elena Havlicek, actuellement collaboratrice \u00e0 la section protection des sols de l\u2019OFEV, qui a eu l\u2019occasion de participer en tant que p\u00e9dologue aux travaux arch\u00e9ologiques de l\u2019Office cantonal d\u2019arch\u00e9ologie de Neuch\u00e2tel, li\u00e9s au chantier de Rail 2000 et de l\u2019autoroute A5, en particulier sur le site de <a href=\"http:\/\/www.archeologie-neuchateloise.ch\/index.php?id=33&amp;tx_commerce_pi1[showUid]=30&amp;tx_commerce_pi1[catUid]=2&amp;cHash=4bdaaee24d\" target=\"_blank\">Saint-Aubin\/Derri\u00e8re la Croix<\/a>. Cet article montre combien les sols repr\u00e9sentent de bons t\u00e9moins de l\u2019histoire du paysage, du climat et des hommes, tant et si bien que l&#8217;on pourrait m\u00eame \u00eatre encourag\u00e9 \u00e0 d\u00e9finir des &#8220;p\u00e9dotopes&#8221;. De fait, comme le rappelle dans son \u00e9ditorial G\u00e9rard Poffet, sous directeur de l\u2019OFEV, les mots \u00ab homme \u00bb et \u00ab humus \u00bb proviennent de la m\u00eame origine \u00e9tymologique indo-europ\u00e9enne. Il nous faut donc retrouver ce lien qui uni l\u2019Homme \u00e0 la Terre, en pr\u00f4nant une utilisation durable du sol, car c\u2019est une ressource limit\u00e9e . En conclusion, nous devons nous aussi veiller dans nos recherches \u00e0 sa sauvegarde, au m\u00eame titre que les sites arch\u00e9ologiques qu\u2019il contient, en s\u00e9parant et en pr\u00e9servant ses divers horizons dans nos travaux de terrassement. Une partie de nos archives du pass\u00e9 s&#8217;y trouve aussi.<\/p>\n<div id=\"fb_share_1\" style=\"float: right; margin-left: 10px;\"><a name=\"fb_share\" type=\"icon_link\" share_url=\"https:\/\/archeofacts.ch\/blog\/?p=965\" href=\"http:\/\/www.facebook.com\/sharer.php\">Share<\/a><\/div><div><script src=\"http:\/\/static.ak.fbcdn.net\/connect.php\/js\/FB.Share\" type=\"text\/javascript\"><\/script><\/div>","protected":false},"excerpt":{"rendered":"<p>Le dernier num\u00e9ro de la revue \u00ab environnement \u00bb, publi\u00e9e par l\u2019Office f\u00e9d\u00e9ral de l\u2019environnement (OFEV) t\u00e9l\u00e9chargeable ici, traite dans sa partie dossier des principales fonctions du sol. En tant qu\u2019arch\u00e9ologue aimant ouvrir la terre \u00e0 la recherche du pass\u00e9, &hellip; <a href=\"https:\/\/archeofacts.ch\/blog\/?p=965\">Continue reading <span class=\"meta-nav\">&rarr;<\/span><\/a><\/p>\n","protected":false},"author":1,"featured_media":0,"comment_status":"open","ping_status":"open","sticky":false,"template":"","format":"standard","meta":[],"categories":[16,18,21],"tags":[],"_links":{"self":[{"href":"https:\/\/archeofacts.ch\/blog\/index.php?rest_route=\/wp\/v2\/posts\/965"}],"collection":[{"href":"https:\/\/archeofacts.ch\/blog\/index.php?rest_route=\/wp\/v2\/posts"}],"about":[{"href":"https:\/\/archeofacts.ch\/blog\/index.php?rest_route=\/wp\/v2\/types\/post"}],"author":[{"embeddable":true,"href":"https:\/\/archeofacts.ch\/blog\/index.php?rest_route=\/wp\/v2\/users\/1"}],"replies":[{"embeddable":true,"href":"https:\/\/archeofacts.ch\/blog\/index.php?rest_route=%2Fwp%2Fv2%2Fcomments&post=965"}],"version-history":[{"count":3,"href":"https:\/\/archeofacts.ch\/blog\/index.php?rest_route=\/wp\/v2\/posts\/965\/revisions"}],"predecessor-version":[{"id":968,"href":"https:\/\/archeofacts.ch\/blog\/index.php?rest_route=\/wp\/v2\/posts\/965\/revisions\/968"}],"wp:attachment":[{"href":"https:\/\/archeofacts.ch\/blog\/index.php?rest_route=%2Fwp%2Fv2%2Fmedia&parent=965"}],"wp:term":[{"taxonomy":"category","embeddable":true,"href":"https:\/\/archeofacts.ch\/blog\/index.php?rest_route=%2Fwp%2Fv2%2Fcategories&post=965"},{"taxonomy":"post_tag","embeddable":true,"href":"https:\/\/archeofacts.ch\/blog\/index.php?rest_route=%2Fwp%2Fv2%2Ftags&post=965"}],"curies":[{"name":"wp","href":"https:\/\/api.w.org\/{rel}","templated":true}]}}